{"id":108614,"date":"2020-10-29T06:24:01","date_gmt":"2020-10-29T09:24:01","guid":{"rendered":"http:\/\/argentinamunicipal.com.ar\/argentina\/?p=108614"},"modified":"2020-10-29T06:24:01","modified_gmt":"2020-10-29T09:24:01","slug":"alberto-fernandez-juntos-es-mas-facil-conseguir-la-unidad-que-queremos","status":"publish","type":"post","link":"http:\/\/argentinamunicipal.com.ar\/argentina\/alberto-fernandez-juntos-es-mas-facil-conseguir-la-unidad-que-queremos\/","title":{"rendered":"Alberto Fern\u00e1ndez: \u00abJuntos es m\u00e1s f\u00e1cil conseguir la unidad que queremos\u00bb"},"content":{"rendered":"<p>El primer mandatario habl\u00f3 desde Luj\u00e1n, en el marco del acto de anuncio de inversiones por parte de la Compan\u00eda de Cervecer\u00edas Unidas (CCU) por m\u00e1s de 4500 millones de pesos que promete aumentar un 100 por cien su capacidad productiva en los pr\u00f3ximos tres a\u00f1os y generar 550 puestos de trabajo.<\/p>\n<p>Alberto Fern\u00e1ndez\u00a0 hizo un\u00a0llamado a la unidad del Estado, los trabajadores y los empresarios\u00a0\u201cpara\u00a0encarar juntos los problemas\u00bb.\u00a0El primer mandatario\u00a0particip\u00f3 este mediod\u00eda, en Luj\u00e1n, del anuncio de\u00a0inversiones\u00a0de la\u00a0Compa\u00f1\u00eda de Cervecer\u00edas Unidas\u00a0(CCU) por m\u00e1s de\u00a04.500 millones de pesos, que permitir\u00e1 aumentar en un 100 por ciento su capacidad productiva en los pr\u00f3ximos tres a\u00f1os y generar\u00e1 m\u00e1s de\u00a0550 puestos de trabajo directos e indirectos.<\/p>\n<p>El jefe de Estado ponder\u00f3 la importancia de la nueva inversi\u00f3n de la empresa de capitales chilenos en el pa\u00eds, y asegur\u00f3: \u201cVamos a invertir mucho desde el Estado con la obra p\u00fablica y con mucha inversi\u00f3n privada, porque es hora de que entendamos que lo que tenemos que hacer es trabajar juntos, el Estado, los que trabajan y los que invierten\u201d. Asimismo, ratific\u00f3 su compromiso de \u201cseguir haciendo crecer la producci\u00f3n, la inversi\u00f3n genuina, y el trabajo para poner de pie a la Argentina\u201d, y agreg\u00f3: \u201cA todos nos ha tocado ser parte de un mundo inesperado, y si todav\u00eda peleamos es porque nos unimos frente al riesgo que enfrent\u00e1bamos y trabajamos juntos. Si encaramos juntos los problemas es mucho m\u00e1s f\u00e1cil avanzar, crecer, invertir, ganar dinero y generar trabajo\u201d.<\/p>\n<p>\u201cVamos a poner de pie a la Argentina que encontramos postrada en una cama de terapia intensiva\u201d dijo el mandatario, quien estuvo acompa\u00f1ado por los ministros del Interior, Eduardo de Pedro; y de Desarrollo Productivo, Mat\u00edas Kulfas; el gobernador bonaerense, Axel Kicillof; el intendente de Luj\u00e1n, Leonardo Boto; el CEO de la empresa, Patricio Jottar; y el gerente general para la Argentina, Fernando Sanchis. Tambi\u00e9n estuvieron presentes los embajadores de Chile, Nicol\u00e1s Monckeberg; y de Pa\u00edses Bajos, Roel Nieuwenkamp.<\/p>\n<p>\u201cLa suerte del 40 por ciento de los argentinos que hoy est\u00e1n sumidos en la pobreza depende de que trabajemos juntos, porque es nuestro deber tenderles las manos y sacarlos de all\u00ed\u201d, afirm\u00f3 el jefe de Estado.<\/p>\n<p>Por su parte, el gobernador de Buenos Aires explic\u00f3 que \u201cesta inauguraci\u00f3n nos muestra el horizonte de la zona m\u00e1s industrial y productiva del pa\u00eds\u201d, y defini\u00f3: \u201cHoy estamos ac\u00e1, en Luj\u00e1n, porque se va a duplicar el tama\u00f1o de esta planta, lo que va a servir para impulsar a Luj\u00e1n, a la provincia y al pa\u00eds y ponerlos en otro lugar. Eso es lo que vinimos a hacer para generar una provincia m\u00e1s grande, m\u00e1s productiva y m\u00e1s desarrollada\u201d. A su vez, el gerente general de la compa\u00f1\u00eda destac\u00f3: \u201cHoy celebramos un hito que refuerza la confianza de nuestra compa\u00f1\u00eda en el pa\u00eds, en nuestra gente y en su futuro\u201d. En tanto, el CEO regional de CCU expres\u00f3 que, hasta el momento, \u201cla compa\u00f1\u00eda ha invertido cerca de 800 millones de d\u00f3lares en la Argentina, y queremos aportar al presente para ser part\u00edcipes en el desarrollo de su futuro. Buscamos ser un socio activo en el pa\u00eds con iniciativas a largo plazo, estamos comprometidos con Argentina y aqu\u00ed nos vamos a quedar\u201d.<\/p>\n<p>A trav\u00e9s de la inversi\u00f3n prevista, CCU instalar\u00e1 tecnolog\u00eda de avanzada para la elaboraci\u00f3n de bebidas con la que podr\u00e1 envasar m\u00e1s de 200 latas por minuto, con el objetivo de incrementar la producci\u00f3n de marcas nacionales como Imperial y Schneider, e internacionales como Heineken, Grolsch y Warsteiner. Tambi\u00e9n contempla la inclusi\u00f3n de paneles solares y equipos especialmente elegidos por fomentar una mayor eficiencia energ\u00e9tica y un impacto ambiental positivo. CCU es la segunda empresa m\u00e1s grande del mercado cervecero argentino y est\u00e1 radicada en el pa\u00eds hace 25 a\u00f1os. Realiza operaciones en Chile, Bolivia, Colombia, Paraguay y Uruguay. En Argentina, emplea a m\u00e1s de 1800 trabajadores de forma directa, se abastece de m\u00e1s de 5 mil pymes y genera 20 mil puestos de trabajo indirectos en la cadena de valor.<\/p>\n<p>Al exponer, el intendente de Luj\u00e1n valor\u00f3 \u201cla inversi\u00f3n de la empresa, que hace al desarrollo productivo y a la generaci\u00f3n de empleo genuino\u201d.<\/p>\n<h6>Fuente: P\u00e1gina 12<\/h6>\n","protected":false},"excerpt":{"rendered":"<p>El primer mandatario habl\u00f3 desde Luj\u00e1n, en el marco del acto de anuncio de inversiones por parte de la Compan\u00eda de Cervecer\u00edas Unidas (CCU) por m\u00e1s de 4500 millones de pesos que promete aumentar un 100 por cien su capacidad productiva<\/p>\n","protected":false},"author":2,"featured_media":108615,"comment_status":"closed","ping_status":"closed","sticky":false,"template":"","format":"standard","meta":{"footnotes":""},"categories":[8],"tags":[21],"class_list":["post-108614","post","type-post","status-publish","format-standard","has-post-thumbnail","hentry","category-informe-nacional","tag-argentina"],"_links":{"self":[{"href":"http:\/\/argentinamunicipal.com.ar\/argentina\/wp-json\/wp\/v2\/posts\/108614","targetHints":{"allow":["GET"]}}],"collection":[{"href":"http:\/\/argentinamunicipal.com.ar\/argentina\/wp-json\/wp\/v2\/posts"}],"about":[{"href":"http:\/\/argentinamunicipal.com.ar\/argentina\/wp-json\/wp\/v2\/types\/post"}],"author":[{"embeddable":true,"href":"http:\/\/argentinamunicipal.com.ar\/argentina\/wp-json\/wp\/v2\/users\/2"}],"replies":[{"embeddable":true,"href":"http:\/\/argentinamunicipal.com.ar\/argentina\/wp-json\/wp\/v2\/comments?post=108614"}],"version-history":[{"count":0,"href":"http:\/\/argentinamunicipal.com.ar\/argentina\/wp-json\/wp\/v2\/posts\/108614\/revisions"}],"wp:featuredmedia":[{"embeddable":true,"href":"http:\/\/argentinamunicipal.com.ar\/argentina\/wp-json\/wp\/v2\/media\/108615"}],"wp:attachment":[{"href":"http:\/\/argentinamunicipal.com.ar\/argentina\/wp-json\/wp\/v2\/media?parent=108614"}],"wp:term":[{"taxonomy":"category","embeddable":true,"href":"http:\/\/argentinamunicipal.com.ar\/argentina\/wp-json\/wp\/v2\/categories?post=108614"},{"taxonomy":"post_tag","embeddable":true,"href":"http:\/\/argentinamunicipal.com.ar\/argentina\/wp-json\/wp\/v2\/tags?post=108614"}],"curies":[{"name":"wp","href":"https:\/\/api.w.org\/{rel}","templated":true}]}}