{"id":108621,"date":"2020-10-29T05:00:45","date_gmt":"2020-10-29T08:00:45","guid":{"rendered":"http:\/\/argentinamunicipal.com.ar\/argentina\/?p=108621"},"modified":"2020-10-29T06:31:55","modified_gmt":"2020-10-29T09:31:55","slug":"fernandez-destaco-rol-de-las-fuerzas-de-seguridad-en-pandemia-y-les-pidio-preservar-el-estado-de-derecho","status":"publish","type":"post","link":"http:\/\/argentinamunicipal.com.ar\/argentina\/fernandez-destaco-rol-de-las-fuerzas-de-seguridad-en-pandemia-y-les-pidio-preservar-el-estado-de-derecho\/","title":{"rendered":"Fern\u00e1ndez destac\u00f3 rol de las fuerzas de seguridad en pandemia y les pidi\u00f3 preservar el Estado de Derecho"},"content":{"rendered":"<p>\u00abNunca olviden que estamos en un estado de derecho y que el estado de derecho es primordial\u00bb, dijo el Presidente y les pidi\u00f3 especialmente que se respeten incluso \u00ablos derechos de aquellos que violan los derechos\u00bb.<\/p>\n<p>El presidente Alberto Fern\u00e1ndez destac\u00f3 el rol de las fuerzas de seguridad ante la pandemia de coronavirus y pidi\u00f3 a los oficiales preservar el \u00abEstado de derecho\u00bb, incluso ante situaciones en las que \u00abse violen derechos\u00bb.<\/p>\n<p>\u00abSomos el Estado y tenemos otra dignidad, otra \u00e9tica y otra moral, nunca lo olvidemos\u00bb, plante\u00f3 el mandatario, al encabezar el acto de entrega de los reconocimientos a los oficiales superiores promovidos este a\u00f1o en las fuerzas federales.<\/p>\n<p>De la actividad, que se desarroll\u00f3 en la Quinta de Olivos, participaron tambi\u00e9n el jefe de Gabinete, Santiago Cafiero y la ministra de Seguridad, Sabina Frederic, adem\u00e1s de los jefes de la Polic\u00eda Federal Argentina, la Gendarmer\u00eda, la Prefectura Naval Argentina y la Polic\u00eda de Seguridad Aeroportuaria.<\/p>\n<p>El jefe de Estado encabez\u00f3 el acto de reconocimiento a los oficiales superiores promovidos este a\u00f1o en las fuerzas federales.<\/p>\n<p>En su mensaje, el Presidente destac\u00f3 que \u00ablas fuerzas de seguridad han demostrado lo importante que son en estos tiempos de pandemia, porque se pusieron al frente del esfuerzo colectivo\u00bb de las tareas de asistencia.<\/p>\n<p>Por eso, expres\u00f3 su \u00abgratitud\u00bb tanto a las jerarqu\u00edas de las fuerzas como a los \u00abhombres y mujeres que las componen\u00bb.<\/p>\n<p>\u00abEl compromiso que les pido es que ejerzan con dignidad la funci\u00f3n que tienen, porque toda una ciudadan\u00eda reconoce en ustedes ese esfuerzo, valor y entrega, y nunca olviden que estamos en un Estado de derecho, y que el respeto al Estado de derecho es primordial\u00bb, subray\u00f3 Fern\u00e1ndez.<\/p>\n<p>El Presidente sostuvo en ese aspecto que \u00abel respeto al Estado de derecho es llevar adelante la funci\u00f3n de hacer valer la seguridad en cada lugar de nuestra sociedad preservando los derechos de todos los ciudadanos y respetando, inclusive, los de aquellos que violen derechos\u00bb.<\/p>\n<p>Durante la ceremonia se concretaron los ascensos establecidos por decretos de los nuevos prefectos generales, comandantes generales, comisarios generales y comisionados generales, y se les entregaron los sables y espadines, atributos de los nuevos oficiales superiores.<\/p>\n<p>Los s\u00edmbolos de mando entregados a los oficiales que alcanzaron la m\u00e1xima jerarqu\u00eda en cada instituci\u00f3n fueron bendecidos por el obispo castrense, monse\u00f1or Santiago Olivera.<\/p>\n<p>Por \u00faltimo, el Presidente reiter\u00f3 su \u00abgratitud\u00bb con los oficiales e insisti\u00f3 en su pedido de \u00abcompromiso\u00bb porque, resalt\u00f3, \u00abhay una sociedad que conf\u00eda en ustedes\u00bb.<\/p>\n<p>Estuvieron tambi\u00e9n las m\u00e1ximas autoridades de las fuerzas federales: el director de Gendarmer\u00eda, comandante general Andr\u00e9s Severino; el prefecto general Mario Rub\u00e9n Farin\u00f3n; el jefe de la Polic\u00eda Federal, comisario General Juan Carlos Hern\u00e1ndez, y el director de la PSA, Jos\u00e9 Glinski, seg\u00fan se inform\u00f3 en un comunicado.<\/p>\n<h6>Fuente: Telam<\/h6>\n","protected":false},"excerpt":{"rendered":"<p>\u00abNunca olviden que estamos en un estado de derecho y que el estado de derecho es primordial\u00bb, dijo el Presidente y les pidi\u00f3 especialmente que se respeten incluso \u00ablos derechos de aquellos que violan los derechos\u00bb.<\/p>\n","protected":false},"author":2,"featured_media":108622,"comment_status":"closed","ping_status":"closed","sticky":false,"template":"","format":"standard","meta":{"footnotes":""},"categories":[8],"tags":[21],"class_list":["post-108621","post","type-post","status-publish","format-standard","has-post-thumbnail","hentry","category-informe-nacional","tag-argentina"],"_links":{"self":[{"href":"http:\/\/argentinamunicipal.com.ar\/argentina\/wp-json\/wp\/v2\/posts\/108621","targetHints":{"allow":["GET"]}}],"collection":[{"href":"http:\/\/argentinamunicipal.com.ar\/argentina\/wp-json\/wp\/v2\/posts"}],"about":[{"href":"http:\/\/argentinamunicipal.com.ar\/argentina\/wp-json\/wp\/v2\/types\/post"}],"author":[{"embeddable":true,"href":"http:\/\/argentinamunicipal.com.ar\/argentina\/wp-json\/wp\/v2\/users\/2"}],"replies":[{"embeddable":true,"href":"http:\/\/argentinamunicipal.com.ar\/argentina\/wp-json\/wp\/v2\/comments?post=108621"}],"version-history":[{"count":0,"href":"http:\/\/argentinamunicipal.com.ar\/argentina\/wp-json\/wp\/v2\/posts\/108621\/revisions"}],"wp:featuredmedia":[{"embeddable":true,"href":"http:\/\/argentinamunicipal.com.ar\/argentina\/wp-json\/wp\/v2\/media\/108622"}],"wp:attachment":[{"href":"http:\/\/argentinamunicipal.com.ar\/argentina\/wp-json\/wp\/v2\/media?parent=108621"}],"wp:term":[{"taxonomy":"category","embeddable":true,"href":"http:\/\/argentinamunicipal.com.ar\/argentina\/wp-json\/wp\/v2\/categories?post=108621"},{"taxonomy":"post_tag","embeddable":true,"href":"http:\/\/argentinamunicipal.com.ar\/argentina\/wp-json\/wp\/v2\/tags?post=108621"}],"curies":[{"name":"wp","href":"https:\/\/api.w.org\/{rel}","templated":true}]}}