{"id":108629,"date":"2020-10-30T05:33:25","date_gmt":"2020-10-30T08:33:25","guid":{"rendered":"http:\/\/argentinamunicipal.com.ar\/argentina\/?p=108629"},"modified":"2020-10-29T13:35:43","modified_gmt":"2020-10-29T16:35:43","slug":"advierten-que-en-2-meses-se-denunciaron-mas-de-cien-microbasurales-en-santa-fe","status":"publish","type":"post","link":"http:\/\/argentinamunicipal.com.ar\/argentina\/advierten-que-en-2-meses-se-denunciaron-mas-de-cien-microbasurales-en-santa-fe\/","title":{"rendered":"Advierten que en 2 meses se denunciaron m\u00e1s de cien microbasurales en Santa Fe"},"content":{"rendered":"<p>El relevamiento se hizo mediante un mapeo geolocalizado en el cual se fueron cargando las fotos y ubicaciones de los mont\u00edculos de residuos que enviaba la ciudadan\u00eda. La mayor\u00eda est\u00e1n concentrados en el noroeste y en el sur-oeste. En debate, el efecto medioambiental y su impacto en la calidad de vida.<\/p>\n<p>Desde mediados de agosto hasta mediados de este mes, hubo m\u00e1s de 100 denuncias denuncias abiertas de vecinos y vecinos de la ciudad por microbasurales y tambi\u00e9n por basurales a cielo abierto. El dato lo dio a conocer la Red de Promotores Ambientales \u00abRedCicladores\u00bb, que lleva adelante un trabajo en territorio sobre la gesti\u00f3n de residuos en la ciudad y su impacto en el medio ambiente.<\/p>\n<p>El relevamiento se realiz\u00f3 utilizando tecnolog\u00edas: lo que se hizo fue un \u00abmapeo colaborativo\u00bb que permiti\u00f3 geolocalizar la dispersi\u00f3n de residuos en el ejido urbano. Cada vecino fue denunciando con el env\u00edo de una foto -m\u00e1s la ubicaci\u00f3n o direcci\u00f3n f\u00edsica del microbasural- al n\u00famero de\u00a0WhatsApp\u00a0de la Red. Y luego, se fueron cargando a ese mapa.<\/p>\n<p>\u00abAbrimos la metodolog\u00eda apelando a una tecnolog\u00eda muy sencilla: con una foto y una ubicaci\u00f3n que la gente nos fue enviando, toda esa la informaci\u00f3n se geolocaliz\u00f3 en una plantilla de Google Maps\u00bb, le dice a El Litoral Joaqu\u00edn Azcurrain, uno de los referencia de RedCicladores.<\/p>\n<p>En la imagen se pueden ver puntos de conflicto medioambiental. Las marcas negras son los microbasurales (mont\u00edculos de basuras). Las marcas marrones son basurales a cielo abierto (volcaderos de basura de dimensi\u00f3n m\u00e1s grande). Tambi\u00e9n se ven los cinco puntos de acopio de la Red, de color verde. Se observa que los puntos cr\u00edticos est\u00e1n m\u00e1s concentrados en el noroeste y suroeste del ejido urbano. Este jueves por la ma\u00f1ana se presentaron en la Plaza Constituyentes los resultados del relevamiento, con una impresi\u00f3n grande del mapa.<\/p>\n<p>Este mapeado colaborativo -con participaci\u00f3n de la ciudadan\u00eda- es, para Azcurrain, una \u00abfotograf\u00eda\u00bb de un problema de gesti\u00f3n de residuos que viene de larga data. \u00abEn algunos sectores de la ciudad no pasan los camiones recolectores; entonces, la gente empieza a dejar sus bolsas de residuos domiciliarios en esquinas, en espacios p\u00fablicos, etc\u00e9tera. Y as\u00ed se generan los microbasurales\u00bb. El otro conflicto serio son los basurales a cielo abierto: \u00abSon los propios vecinos los que nos dicen que llegan veh\u00edculos de diferentes barrios y depositan all\u00ed la basura, as\u00ed de simple. Esto es una afectaci\u00f3n de derechos y una afectaci\u00f3n ambiental, porque un microbasural o un volcadero degrada el ambiente y la calidad de vida de la ciudadan\u00eda: all\u00ed hay residuos patog\u00e9nicos y peligrosos, m\u00e1s la proliferaci\u00f3n de alima\u00f1as\u00bb.<\/p>\n<p>Y este problema estructural tiene el agravante de que hay muchas familias que no cuentan con servicios esenciales: agua potable y calles en condiciones. \u00abAl no haber calles bien pavimentadas, no entran los camiones recolectores, y las empresas a veces cumplen deficientemente el servicio\u00bb, opin\u00f3 el referente.<\/p>\n<p>INTERVENCIONES<br \/>\nEn el marco del 31 de Octubre \u00abD\u00eda Mundial de las Ciudades\u00bb RedCicladores tiene planificadas intervenciones en Alto Verde y Pompeya: limpieza de basura acumulada, y colocaci\u00f3n de bancos y ecocestos hechos con pallets.<\/p>\n<p>Las responsabilidades<\/p>\n<p>-El 16 de mayo de 2019, por iniciativa del entonces concejal y actual intendente Emilio Jat\u00f3n, el Concejo aprob\u00f3 por ordenanza un programa de erradicaci\u00f3n de microbasurales. \u00bfNo ha cambiado nada a la luz de este mapeo? \u00bfHay responsabilidad pol\u00edtica, de las prestatarias del servicio de recolecci\u00f3n, o irresponsabilidad ciudadana?, consult\u00f3 El Litoral a Azcurrain, a t\u00edtulo de opini\u00f3n personal.<\/p>\n<p>-Creo que hay un poco de todo. Esto se inicia con un modelo de gesti\u00f3n de residuos que ya ven\u00eda mal (en la gesti\u00f3n municipal anterior). El servicio era muy deficiente. Pero despu\u00e9s est\u00e1 la falta de presencia del Estado en la pavimentaci\u00f3n, que es lo que les impide a las empresas cumplir con el servicio. M\u00e1s all\u00e1 de eso, la actual gesti\u00f3n recibi\u00f3 ese modelo que ya estaba en crisis y con una deuda con las prestatarias, sobre la cual se lleg\u00f3 a un acuerdo. Y se est\u00e1 avanzando hoy con las cuadrillas ambientales.<\/p>\n<p>Dentro de los \u00edtems de las responsabilidades de las empresas est\u00e1 erradicar microbasurales. Pero si un cami\u00f3n no puede entrar a una calle para recolectar, la gente va a terminar dejando su bolsa donde puede. Lo que veo es que en t\u00e9rminos pol\u00edticos es que no hay una proyecci\u00f3n de sostenibilidad: no sirve ir con una pala y levantar un microbasural, sino que adem\u00e1s se debe recuperar ese espacio para que, justamente, la gente no vuelva a tirar la basura. Y ah\u00ed entra la \u00abpata\u00bb de una mayor responsabilidad ciudadana.<\/p>\n<p>Si ese microbasural se erradica, luego lo necesario es que ese espacio se pueda ocupar: con bancos con pallets, maceteras con plantas, carteles que adviertan que all\u00ed no se puede tirar basura, entre muchas otras opciones.<\/p>\n<p>(N. d. R.: el Municipio comunic\u00f3 oficialmente el 1\u00b0 de julio de este a\u00f1o que se hab\u00edan erradicado 40 microbasurales en distintos puntos de la capital.)<\/p>\n<h6>Fuente: El Litoral<\/h6>\n","protected":false},"excerpt":{"rendered":"<p>El relevamiento se hizo mediante un mapeo geolocalizado en el cual se fueron cargando las fotos y ubicaciones de los mont\u00edculos de residuos que enviaba la ciudadan\u00eda. La mayor\u00eda est\u00e1n concentrados en el noroeste y en el sur-oeste. En debate, el efecto medioambiental y su impacto en la calidad de vida.<\/p>\n","protected":false},"author":2,"featured_media":108630,"comment_status":"closed","ping_status":"closed","sticky":false,"template":"","format":"standard","meta":{"footnotes":""},"categories":[2],"tags":[10],"class_list":["post-108629","post","type-post","status-publish","format-standard","has-post-thumbnail","hentry","category-informe-municipal","tag-santa-fe"],"_links":{"self":[{"href":"http:\/\/argentinamunicipal.com.ar\/argentina\/wp-json\/wp\/v2\/posts\/108629","targetHints":{"allow":["GET"]}}],"collection":[{"href":"http:\/\/argentinamunicipal.com.ar\/argentina\/wp-json\/wp\/v2\/posts"}],"about":[{"href":"http:\/\/argentinamunicipal.com.ar\/argentina\/wp-json\/wp\/v2\/types\/post"}],"author":[{"embeddable":true,"href":"http:\/\/argentinamunicipal.com.ar\/argentina\/wp-json\/wp\/v2\/users\/2"}],"replies":[{"embeddable":true,"href":"http:\/\/argentinamunicipal.com.ar\/argentina\/wp-json\/wp\/v2\/comments?post=108629"}],"version-history":[{"count":0,"href":"http:\/\/argentinamunicipal.com.ar\/argentina\/wp-json\/wp\/v2\/posts\/108629\/revisions"}],"wp:featuredmedia":[{"embeddable":true,"href":"http:\/\/argentinamunicipal.com.ar\/argentina\/wp-json\/wp\/v2\/media\/108630"}],"wp:attachment":[{"href":"http:\/\/argentinamunicipal.com.ar\/argentina\/wp-json\/wp\/v2\/media?parent=108629"}],"wp:term":[{"taxonomy":"category","embeddable":true,"href":"http:\/\/argentinamunicipal.com.ar\/argentina\/wp-json\/wp\/v2\/categories?post=108629"},{"taxonomy":"post_tag","embeddable":true,"href":"http:\/\/argentinamunicipal.com.ar\/argentina\/wp-json\/wp\/v2\/tags?post=108629"}],"curies":[{"name":"wp","href":"https:\/\/api.w.org\/{rel}","templated":true}]}}