{"id":108661,"date":"2020-10-30T05:59:11","date_gmt":"2020-10-30T08:59:11","guid":{"rendered":"http:\/\/argentinamunicipal.com.ar\/argentina\/?p=108661"},"modified":"2020-10-29T19:01:18","modified_gmt":"2020-10-29T22:01:18","slug":"textil-y-calzado-la-inversion-mas-grande-en-10-anos","status":"publish","type":"post","link":"http:\/\/argentinamunicipal.com.ar\/argentina\/textil-y-calzado-la-inversion-mas-grande-en-10-anos\/","title":{"rendered":"Textil y calzado: la inversi\u00f3n m\u00e1s grande en 10 a\u00f1os"},"content":{"rendered":"<p>Los empresarios del rubro, el m\u00e1s castigado en la era Macri, comprometieron ante el Gobierno un desembolso de 350 millones de d\u00f3lares.<\/p>\n<p>El ministro de Desarrollo Productivo,\u00a0Mat\u00edas Kulfas, se reuni\u00f3, en el marco del Acuerdo Econ\u00f3mico y Social, con representantes de los trabajadores y de empresarios de la cadena de valor textil, indumentaria y calzado, quienes ratificaron proyectos de inversi\u00f3n por U$S 350 millones. En ese contexto, se acord\u00f3 adem\u00e1s mantener un nuevo encuentro la pr\u00f3xima semana para discutir pautas concretas de desarrollo.<\/p>\n<p>\u201cEs el momento para empezar a trabajar con propuestas de largo plazo para pensar el desarrollo de esta d\u00e9cada. Este Acuerdo Econ\u00f3mico y Social nos debe permitir construir, a partir del di\u00e1logo, los consensos necesarios, con el eje en la producci\u00f3n y el trabajo\u201d, resalt\u00f3 Kulfas y respecto del sector textil en particular asegur\u00f3: \u00abEstoy convencido que esta cadena tiene la capacidad de demostrar cu\u00e1l es el objetivo: m\u00e1s producci\u00f3n y m\u00e1s trabajo\u00bb.<\/p>\n<p>El ministro convoc\u00f3 tambi\u00e9n a otros sectores a sumarse al acuerdo: \u201cGeneremos un acuerdo amplio, ambicioso, que nos permita proyectar m\u00e1s inversiones, m\u00e1s puestos de trabajo, m\u00e1s producci\u00f3n, el camino es este\u201d. Kulfas estuvo acompa\u00f1ado por los secretarios de Industria, Econom\u00eda del Conocimiento y Gesti\u00f3n Comercial Externa, Ariel Schale; de Trabajo, Marcelo Bellotti; y de Pol\u00edtica Econ\u00f3mica, Haroldo Montagu.<\/p>\n<p>Durante el encuentro, los empresarios ratificaron las\u00a0inversiones previstas para el per\u00edodo 2020-2021 por un total de 350 millones de d\u00f3lares\u00a0(U$S 100 millones en 2020 y 250 millones para el 2021). Esta inversi\u00f3n supera ampliamente las realizadas en los \u00faltimos a\u00f1os \u2013 64 millones en 2019, 130 millones en 2018, 150 millones en 2017 \u2013 incluso la realizada en 2011 de 200 millones, lo que representa la m\u00e1s alta para el sector en los \u00faltimos 10 a\u00f1os.<\/p>\n<p>Durante el encuentro se trabaj\u00f3 en\u00a0la importancia de acceder a financiamiento\u00a0para generar un mayor est\u00edmulo de la demanda y la generaci\u00f3n de alternativas virtuales para la comercializaci\u00f3n de los productos finales de la cadena de valor.<\/p>\n<p>Por el sector empresario y los gremios, concurrieron al encuentro Jos\u00e9 Minaberrigaray, del Sindicato de Empleados Textiles de la Industria y Afines (SETIA); Luis Bellido, del Sindicato Obrero de la Industria del Vestido y Afines (SOIVA); Hugo Ben\u00edtez, de la Asociaci\u00f3n Obrera Textil (AOT); Walter Albornoz, de Sindicato del Calzado; y Patricio Lewich, del Sindicato de Cortadores; Javier Chornik, de FITA; Luciano Galfione de la Fundaci\u00f3n Protejer; Claudio Drescher de la C\u00e1mara Industrial Argentina de la Indumentaria (CIAI)y Fernando De Vito de la C\u00e1mara del Calzado.<\/p>\n<p>Claudio Drescher, de CIAI, consider\u00f3 \u201cmuy interesante\u201d la reuni\u00f3n ya que \u201cla industria nacional debe estar unida sabiendo los objetivos que tenemos adelante. Este sector tiene un potencial enorme, debemos tomar las riendas y ponerlo en marcha\u201d. A su turno, Hugo Ben\u00edtez, de la AOT, destac\u00f3: \u201cEstamos agradecidos por la invitaci\u00f3n, trabajamos defendiendo el sector y la industria nacional. El capital y el trabajo van de la mano para sostener la industria y el empleo.\u00a0Los \u00faltimos 4 a\u00f1os no fueron una hecatombe gracias a que esta industria estaba tecnificada y pudo soportar los embates y mantenerse. Hoy lo indispensable es sostener la fuente de trabajo para salir adelante\u201d.<\/p>\n<h6>Fuente: P\u00e1gina 12<\/h6>\n","protected":false},"excerpt":{"rendered":"<p>Los empresarios del rubro, el m\u00e1s castigado en la era Macri, comprometieron ante el Gobierno un desembolso de 350 millones de d\u00f3lares.\u00a0<\/p>\n","protected":false},"author":2,"featured_media":108662,"comment_status":"closed","ping_status":"closed","sticky":false,"template":"","format":"standard","meta":{"footnotes":""},"categories":[8],"tags":[21],"class_list":["post-108661","post","type-post","status-publish","format-standard","has-post-thumbnail","hentry","category-informe-nacional","tag-argentina"],"_links":{"self":[{"href":"http:\/\/argentinamunicipal.com.ar\/argentina\/wp-json\/wp\/v2\/posts\/108661","targetHints":{"allow":["GET"]}}],"collection":[{"href":"http:\/\/argentinamunicipal.com.ar\/argentina\/wp-json\/wp\/v2\/posts"}],"about":[{"href":"http:\/\/argentinamunicipal.com.ar\/argentina\/wp-json\/wp\/v2\/types\/post"}],"author":[{"embeddable":true,"href":"http:\/\/argentinamunicipal.com.ar\/argentina\/wp-json\/wp\/v2\/users\/2"}],"replies":[{"embeddable":true,"href":"http:\/\/argentinamunicipal.com.ar\/argentina\/wp-json\/wp\/v2\/comments?post=108661"}],"version-history":[{"count":0,"href":"http:\/\/argentinamunicipal.com.ar\/argentina\/wp-json\/wp\/v2\/posts\/108661\/revisions"}],"wp:featuredmedia":[{"embeddable":true,"href":"http:\/\/argentinamunicipal.com.ar\/argentina\/wp-json\/wp\/v2\/media\/108662"}],"wp:attachment":[{"href":"http:\/\/argentinamunicipal.com.ar\/argentina\/wp-json\/wp\/v2\/media?parent=108661"}],"wp:term":[{"taxonomy":"category","embeddable":true,"href":"http:\/\/argentinamunicipal.com.ar\/argentina\/wp-json\/wp\/v2\/categories?post=108661"},{"taxonomy":"post_tag","embeddable":true,"href":"http:\/\/argentinamunicipal.com.ar\/argentina\/wp-json\/wp\/v2\/tags?post=108661"}],"curies":[{"name":"wp","href":"https:\/\/api.w.org\/{rel}","templated":true}]}}