{"id":108670,"date":"2020-10-30T05:09:26","date_gmt":"2020-10-30T08:09:26","guid":{"rendered":"http:\/\/argentinamunicipal.com.ar\/argentina\/?p=108670"},"modified":"2020-10-29T19:11:52","modified_gmt":"2020-10-29T22:11:52","slug":"eeuu-una-crisis-economica-inedita-y-una-recuperacion-incierta-marcan-la-campana","status":"publish","type":"post","link":"http:\/\/argentinamunicipal.com.ar\/argentina\/eeuu-una-crisis-economica-inedita-y-una-recuperacion-incierta-marcan-la-campana\/","title":{"rendered":"EEUU: Una crisis econ\u00f3mica in\u00e9dita y una recuperaci\u00f3n incierta marcan la campa\u00f1a"},"content":{"rendered":"<p>El derrumbe provocado por la pandemia de coronavirus desdibuj\u00f3 el crecimiento constante de la \u00faltima d\u00e9cada y enfrent\u00f3 a los candidatos a un dif\u00edcil escenario.<\/p>\n<p>La econom\u00eda siempre iba a ser uno de los ejes centrales de la campa\u00f1a presidencial en Estados Unidos, pero el derrumbe provocado por la pandemia de coronavirus desdibuj\u00f3 el crecimiento constante de la \u00faltima d\u00e9cada y enfrent\u00f3 a los candidatos a un dif\u00edcil escenario, en el que la mayor\u00eda de los economistas no se animan a pronosticar c\u00f3mo y cu\u00e1ndo se recuperar\u00e1 el pa\u00eds.<\/p>\n<p>La crisis econ\u00f3mica provocada por el coronavirus no se parece a ninguna de las recesiones que vivi\u00f3 antes Estados Unidos: no surgi\u00f3 de la explosi\u00f3n de una burbuja financiera, como pas\u00f3 en la Gran Depresi\u00f3n de 1930 o en la Gran Recesi\u00f3n de 2008, ni del fracaso de una pol\u00edtica econ\u00f3mica, como le sucedi\u00f3 a Ronald Reagan en los a\u00f1os 80.<\/p>\n<p>Esta surgi\u00f3 de la necesidad del propio Estado de detener la actividad productiva y comercial para frenar una pandemia, y esa causa hizo que todos los sectores de la econom\u00eda se vieran afectados al mismo tiempo y de inmediato, con decenas de millones de desempleados en un tiempo r\u00e9cord.<\/p>\n<p>Estados Unidos se consolida como el pa\u00eds con m\u00e1s casos y muertos del mundo<\/p>\n<p>A m\u00e1s de ocho meses de la explosi\u00f3n de la pandemia, Estados Unidos atraviesa el tercer pico de contagios de la primera ola y se consolida como el pa\u00eds con m\u00e1s casos y muertos del mundo.<\/p>\n<p>\u00abNo podemos reanudar completamente las actividades productivas si el virus no est\u00e1 bajo control. Han habido muchas discusiones sobre la tensi\u00f3n entre la salud y la econom\u00eda, pero en realidad es una falacia\u00bb, explic\u00f3 a T\u00e9lam la economista\u00a0Lara Merling\u00a0del Centro de Investigaci\u00f3n en Econom\u00eda y Pol\u00edtica (CEPR), con sede en Washington.<\/p>\n<p>A mediados de a\u00f1o, antes del segundo pico nacional de contagios, el economista jefe del influyente banco de inversi\u00f3n Goldman Sachs,\u00a0Jan Hatzius, afirm\u00f3 en una columna: \u00abEsta es definitivamente la recesi\u00f3n m\u00e1s profunda (desde la Segunda Guerra Mundial) y tambi\u00e9n es casi con seguridad la m\u00e1s corta\u00bb.<\/p>\n<p>Pero la imposibilidad de controlar la pandemia se reflej\u00f3 en las marchas y contramarchas de la evoluci\u00f3n del PBI este a\u00f1o que, seg\u00fan todos los pron\u00f3sticos, terminar\u00e1 con un balance negativo.<\/p>\n<p>\u00abNo podemos reanudar completamente las actividades productivas si el virus no est\u00e1 bajo control\u00bb\u00a0LARA MERLING<\/p>\n<p>Este jueves se anunci\u00f3 que el tercer cuatrimestre del a\u00f1o marc\u00f3 un crecimiento r\u00e9cord del PBI del 33% \u00abpero lo importante es que fue precedido por un segundo cuatrimestre con una ca\u00edda r\u00e9cord\u00bb, aclar\u00f3 Merling.<\/p>\n<p>\u00abEsto significa que, a nivel anual, todav\u00eda vamos a tener un crecimiento negativo. Adem\u00e1s, es posible que el crecimiento del tercer cuatrimestre se pierda en el cuarto cuatrimestre porque ahora los casos volvieron a aumentar, hace frio y la gente probablemente salga menos y haya menos actividad\u00bb, a\u00f1adi\u00f3.<\/p>\n<p>Hasta la llegada de la pandemia, el pa\u00eds viv\u00eda el per\u00edodo de crecimiento econ\u00f3mico ininterrumpido m\u00e1s largo desde la posguerra.<\/p>\n<p>Pero tras una d\u00e9cada de esta recuperaci\u00f3n lenta, una encuesta del reconocido\u00a0Centro de Investigaci\u00f3n Pew, publicada en abril, evidenci\u00f3 que las dos minor\u00edas m\u00e1s afectadas por las crisis epidemiol\u00f3gica y econ\u00f3mica llegaron al derrumbe sin un colch\u00f3n de ahorros.<\/p>\n<p>Un 73% de los afroestadounidenses y un 70% de los latinos dijeron no tener ahorros para cubrir tres meses de gastos si perd\u00edan el trabajo, dos cifras muy altas en comparaci\u00f3n al 47% de los blancos consultados.<\/p>\n<p>\u00abEl otro sector especialmente afectado fueron las mujeres. Por un lado, las que trabajan en servicios y perdieron sus trabajos y, por otro, las que, a\u00fan si pod\u00edan trabajar de sus casas, tienen hijos y, al quedarse sin servicios de cuidado, tuvieron que abandonar en n\u00fameros r\u00e9cord el mercado laboral\u00bb, explic\u00f3 la investigadora.<\/p>\n<p>Un 73% de los afroestadounidenses y un 70% de los latinos dijeron no tener ahorros para cubrir tres meses de gastos si perd\u00edan el trabajo.<\/p>\n<p>Este efecto desproporcionado sobre estos sectores se evidenci\u00f3, r\u00e1pidamente, en el incremento dram\u00e1tico de los niveles de inseguridad alimenticia entre los hogares de clase trabajadora, que alcanz\u00f3 los niveles del peor momento de la crisis de 2008.<\/p>\n<p>\u00abDurante un par de meses, los que perdieron su trabajo recibieron 600 d\u00f3lares extras por semana de seguro de desempleo del Gobierno, lo que signific\u00f3 a veces m\u00e1s dinero del que ganaban antes. Pero este beneficio se termin\u00f3 en agosto y el Congreso no volvi\u00f3 a aprobar otra ley de ayudas\u00bb, explic\u00f3 Merling.<\/p>\n<p>Hasta hace unos d\u00edas, el oficialismo y la oposici\u00f3n intentaron sin \u00e9xito aprobar un segundo paquete de ayudas.\u00a0El primero ofreci\u00f3 un plan de 1.800 millones de d\u00f3lares, que inclu\u00eda un salvataje a las aerol\u00edneas y una nueva tanda de 400 d\u00f3lares extras para los desempleados.<\/p>\n<p>La oposici\u00f3n, sin embargo, se neg\u00f3 a aceptar un paquete menor a 2.200 millones, que, entre otros puntos, restablec\u00eda la ayuda extra a desempleados a 600 d\u00f3lares semanales y aumentaba las partidas para servicios de cuidado infantil y educaci\u00f3n.<\/p>\n<p>Uno de los argumentos que esgrimieron legisladores republicanos fue el d\u00e9ficit r\u00e9cord del Estado.<\/p>\n<p>\u00abSi hay un pa\u00eds que puede sostener un d\u00e9ficit es Estados Unidos, el pa\u00eds que emite d\u00f3lares. La raz\u00f3n no es por falta de dinero, sino por disputas pol\u00edticas\u00bb\u00a0LARA MERLING<\/p>\n<p>Para finales de septiembre, producto de la baja en la recaudaci\u00f3n y el aumento del gasto, el d\u00e9ficit presupuestario hab\u00eda aumentado un 218% y alcanzado un total de 3.100 millones de d\u00f3lares, m\u00e1s que el doble del de 2009.<\/p>\n<p>Pero para Merling, esa no es la raz\u00f3n de la par\u00e1lisis pol\u00edtica: \u00abSi hay un pa\u00eds que puede sostener de manera sostenida un d\u00e9ficit es Estados Unidos, el pa\u00eds que emite d\u00f3lares. La raz\u00f3n no es por falta de dinero, sino por disputas pol\u00edticas\u00bb.<\/p>\n<p>En los \u00faltimos meses de campa\u00f1a, tanto Trump como el candidato opositor, Joe Biden, terminaron de delinear sus propuestas econ\u00f3micas y\u00a0ambos se enfocaron en la creaci\u00f3n de empleo: el primero prometi\u00f3 crear 10 millones de puestos en los primeros 10 meses y el segundo, una masiva inversi\u00f3n en producci\u00f3n nacional para generar 5 millones de trabajos.<\/p>\n<p>Seg\u00fan la investigadora, los republicanos apuestan por una creaci\u00f3n indirecta de puestos de trabajo, a trav\u00e9s de incentivos para la inversi\u00f3n privada; mientras que un sector del Partido Dem\u00f3crata le reclama a Biden que sea el Gobierno el principal generador de empleos para salir de la crisis, como lo fue en los a\u00f1os 30.<\/p>\n<p>La gran inc\u00f3gnita hoy, con una pandemia a\u00fan fuera de control, es qu\u00e9 tipo de puestos de trabajo se pueden crear cuando no hay condiciones para reactivar el sector servicios con atenci\u00f3n al cliente o garant\u00edas para permitir la congregaci\u00f3n de trabajadores en f\u00e1bricas u otros ambientes cerrados.<\/p>\n<h6>Fuente: P\u00e1gina 12<\/h6>\n","protected":false},"excerpt":{"rendered":"<p>El derrumbe provocado por la pandemia de coronavirus desdibuj\u00f3 el crecimiento constante de la \u00faltima d\u00e9cada y enfrent\u00f3 a los candidatos a un dif\u00edcil escenario.<\/p>\n","protected":false},"author":2,"featured_media":108671,"comment_status":"closed","ping_status":"closed","sticky":false,"template":"","format":"standard","meta":{"footnotes":""},"categories":[22],"tags":[57],"class_list":["post-108670","post","type-post","status-publish","format-standard","has-post-thumbnail","hentry","category-el-mundo","tag-el-mundo"],"_links":{"self":[{"href":"http:\/\/argentinamunicipal.com.ar\/argentina\/wp-json\/wp\/v2\/posts\/108670","targetHints":{"allow":["GET"]}}],"collection":[{"href":"http:\/\/argentinamunicipal.com.ar\/argentina\/wp-json\/wp\/v2\/posts"}],"about":[{"href":"http:\/\/argentinamunicipal.com.ar\/argentina\/wp-json\/wp\/v2\/types\/post"}],"author":[{"embeddable":true,"href":"http:\/\/argentinamunicipal.com.ar\/argentina\/wp-json\/wp\/v2\/users\/2"}],"replies":[{"embeddable":true,"href":"http:\/\/argentinamunicipal.com.ar\/argentina\/wp-json\/wp\/v2\/comments?post=108670"}],"version-history":[{"count":0,"href":"http:\/\/argentinamunicipal.com.ar\/argentina\/wp-json\/wp\/v2\/posts\/108670\/revisions"}],"wp:featuredmedia":[{"embeddable":true,"href":"http:\/\/argentinamunicipal.com.ar\/argentina\/wp-json\/wp\/v2\/media\/108671"}],"wp:attachment":[{"href":"http:\/\/argentinamunicipal.com.ar\/argentina\/wp-json\/wp\/v2\/media?parent=108670"}],"wp:term":[{"taxonomy":"category","embeddable":true,"href":"http:\/\/argentinamunicipal.com.ar\/argentina\/wp-json\/wp\/v2\/categories?post=108670"},{"taxonomy":"post_tag","embeddable":true,"href":"http:\/\/argentinamunicipal.com.ar\/argentina\/wp-json\/wp\/v2\/tags?post=108670"}],"curies":[{"name":"wp","href":"https:\/\/api.w.org\/{rel}","templated":true}]}}