{"id":108678,"date":"2020-10-30T06:16:07","date_gmt":"2020-10-30T09:16:07","guid":{"rendered":"http:\/\/argentinamunicipal.com.ar\/argentina\/?p=108678"},"modified":"2020-10-30T06:16:07","modified_gmt":"2020-10-30T09:16:07","slug":"los-salarios-subieron-2-en-agosto-y-perdieron-ante-la-inflacion","status":"publish","type":"post","link":"http:\/\/argentinamunicipal.com.ar\/argentina\/los-salarios-subieron-2-en-agosto-y-perdieron-ante-la-inflacion\/","title":{"rendered":"Los salarios subieron 2% en agosto y perdieron ante la inflaci\u00f3n"},"content":{"rendered":"<p>De acuerdo con el Indec, los salarios quedaron tres d\u00e9cimas rezagadas respecto a la inflaci\u00f3n en los ocho primeros meses del a\u00f1o.<\/p>\n<p>El\u00a0\u00cdndice de\u00a0Salarios\u00a0del\u00a0Instituto Nacional de Estad\u00edstica y Censos (Indec)\u00a0mostr\u00f3 durante\u00a0agosto un alza del 2%, producto de un aumento del 2,1% en los sueldos de los trabajadores privados, del 0,8% de los p\u00fablicos y de 3,7 % en los ingresos de los empleados no registrados.<\/p>\n<p>De este modo, durante los primeros ocho meses de 2020 el \u00cdndice de Salarios reflej\u00f3 un crecimiento acumulado que promedi\u00f3 el 18,6%, lo que representa tres d\u00e9cimas menos que la suba de 18,9% que tuvo la inflaci\u00f3n durante el mismo per\u00edodo.<\/p>\n<p>A nivel interanual,\u00a0los salarios de agosto se ubicaron ocho puntos por debajo de la inflaci\u00f3n, debido a que dicho lapso los sueldos acumularon un avance promedio del 32%, mientras que el \u00cdndice de Precios al Consumidor fue de 40,7%.<\/p>\n<p>En este \u00faltimo per\u00edodo, la mejora en los salarios se vio empujada por un\u00a0incremento del 33% en los ingresos de los trabajadores privados, del 27,7% en los empleados p\u00fablicos, y del 36,3% en los ingresos de los trabajadores informales.<\/p>\n<p>Hasta agosto se hab\u00edan firmado 23 acuerdos salariales sectoriales\u00a0que establecieron aumentos salariales para un mill\u00f3n de asalariados privados en relaci\u00f3n de dependencia, \u201cn\u00famero que representa un 19% del total del empleo del sector privado\u00bb, afirm\u00f3 un informe realizado por el Ministerio de Trabajo.<\/p>\n<p>A comienzos de octubre, el Gobierno oficializ\u00f3 el aumento en tres tramos del salario m\u00ednimo, vital y m\u00f3vil, que alcanzara los $21.600 en marzo.<\/p>\n<p>Seg\u00fan el cronograma oficializado, a partir del primero de octubre, el sueldo m\u00ednimo, vital y m\u00f3vil ser\u00e1 de $18.900 para aquellos que cumplan una jornada laboral completa, y de $94,50 por hora para los jornaleros. Desde el 1 de diciembre, esas sumas pasar\u00e1n a ser de $20.587,50 y $102,94 , respectivamente.<\/p>\n<p>Finalmente, la suba se completar\u00e1 a partir del primero de marzo del 2021, cuando el salario m\u00ednimo por mes para los trabajadores de tiempo completo se fijar\u00e1 en $21.600, y el de los jornalizados, en $ 108 por hora.<\/p>\n<p>Por otra parte, el Poder Ejecutivo tambi\u00e9n confirm\u00f3 una actualizaci\u00f3n de los montos m\u00ednimo y m\u00e1ximo de las prestaciones por desempleo, los cuales desde este lunes son de $ 6.000 y $ 10.000, respectivamente.<\/p>\n<h6>Fuente: Minuto Uno<\/h6>\n","protected":false},"excerpt":{"rendered":"<p>De acuerdo con el Indec, los salarios quedaron tres d\u00e9cimas rezagadas respecto a la inflaci\u00f3n en los ocho primeros meses del a\u00f1o.<\/p>\n","protected":false},"author":2,"featured_media":108679,"comment_status":"closed","ping_status":"closed","sticky":false,"template":"","format":"standard","meta":{"footnotes":""},"categories":[8],"tags":[21],"class_list":["post-108678","post","type-post","status-publish","format-standard","has-post-thumbnail","hentry","category-informe-nacional","tag-argentina"],"_links":{"self":[{"href":"http:\/\/argentinamunicipal.com.ar\/argentina\/wp-json\/wp\/v2\/posts\/108678","targetHints":{"allow":["GET"]}}],"collection":[{"href":"http:\/\/argentinamunicipal.com.ar\/argentina\/wp-json\/wp\/v2\/posts"}],"about":[{"href":"http:\/\/argentinamunicipal.com.ar\/argentina\/wp-json\/wp\/v2\/types\/post"}],"author":[{"embeddable":true,"href":"http:\/\/argentinamunicipal.com.ar\/argentina\/wp-json\/wp\/v2\/users\/2"}],"replies":[{"embeddable":true,"href":"http:\/\/argentinamunicipal.com.ar\/argentina\/wp-json\/wp\/v2\/comments?post=108678"}],"version-history":[{"count":0,"href":"http:\/\/argentinamunicipal.com.ar\/argentina\/wp-json\/wp\/v2\/posts\/108678\/revisions"}],"wp:featuredmedia":[{"embeddable":true,"href":"http:\/\/argentinamunicipal.com.ar\/argentina\/wp-json\/wp\/v2\/media\/108679"}],"wp:attachment":[{"href":"http:\/\/argentinamunicipal.com.ar\/argentina\/wp-json\/wp\/v2\/media?parent=108678"}],"wp:term":[{"taxonomy":"category","embeddable":true,"href":"http:\/\/argentinamunicipal.com.ar\/argentina\/wp-json\/wp\/v2\/categories?post=108678"},{"taxonomy":"post_tag","embeddable":true,"href":"http:\/\/argentinamunicipal.com.ar\/argentina\/wp-json\/wp\/v2\/tags?post=108678"}],"curies":[{"name":"wp","href":"https:\/\/api.w.org\/{rel}","templated":true}]}}