{"id":108799,"date":"2020-11-05T17:38:28","date_gmt":"2020-11-05T20:38:28","guid":{"rendered":"http:\/\/argentinamunicipal.com.ar\/argentina\/?p=108799"},"modified":"2020-11-03T17:40:53","modified_gmt":"2020-11-03T20:40:53","slug":"este-viernes-comienza-la-edicion-virtual-de-colectividades-en-rosario","status":"publish","type":"post","link":"http:\/\/argentinamunicipal.com.ar\/argentina\/este-viernes-comienza-la-edicion-virtual-de-colectividades-en-rosario\/","title":{"rendered":"Este viernes comienza la edici\u00f3n virtual de Colectividades en Rosario"},"content":{"rendered":"<p>Podr\u00e1 disfrutarse durante dos viernes, s\u00e1bados y domingos. La oferta gastron\u00f3mica se pedir\u00e1 por el sitio web de Vidrieras en Red<\/p>\n<p>La edici\u00f3n n\u00famero 36 de la Fiesta y Encuentro Nacional de Colectividades llega con formato virtual. Ser\u00e1 in\u00e9dito debido a la pandemia, pero los organizadores apuestan a que no pierda su esencia, que la ubica como el evento anual m\u00e1s convocante de la ciudad.<br \/>\nLa edici\u00f3n especial de Colectividades contar\u00e1 con la participaci\u00f3n de 48 colectividades extranjeras de las cuales 34 participar\u00e1n ofreciendo con la modalidad delivery la mejor gastronom\u00eda de todas las latitudes del mundo, mientras que las restantes difundir\u00e1n aspectos culturales de sus pa\u00edses y regiones.<\/p>\n<p>La cita, una vez m\u00e1s, ser\u00e1 a lo largo de este mes, en las noches de los viernes 6 y 13 y de los s\u00e1bados 7 y 14, y durante los mediod\u00edas de los domingos 8 y 15. En esta edici\u00f3n, la gastronom\u00eda tendr\u00e1 una presencia destacada con los cuidados y protocolos requeridos.<\/p>\n<p>La tradicional fiesta rosarina llegar\u00e1 a cada hogar a trav\u00e9s de las modalidades de env\u00edo a domicilio y retiro en sedes de las colectividades participantes.\u00a0Las propuestas culinarias se podr\u00e1n elegir en la plataforma virtual Vidrieras en Red entre 80\u00a0platos t\u00edpicos\u00a0que podr\u00e1n ser reservados con anticipaci\u00f3n desde este lunes.<\/p>\n<p>La amplia variedad va de men\u00faes tradicionales como pastas y pizzas italianas, paellas con diversas versiones seg\u00fan la regi\u00f3n, el tradicional shawarma y las empanadas \u00e1rabes, el chicken pie irland\u00e9s, sabores latinoamericanos como el anticucho, la feijoada, y el congr\u00ed con ropa vieja, un t\u00edpico plato cubano. Tampoco faltar\u00e1 el famoso tempura japon\u00e9s, ni el ceviche, ni el chucrut elaborado de diferentes maneras.<\/p>\n<p>Gastronom\u00eda africana, eslovena, griega y de muchas otras partes del mundo tambi\u00e9n estar\u00e1n presentes. Adem\u00e1s se podr\u00e1 disfrutar de postres t\u00edpicos como cannolis, strudel, brigadeiros, tiramis\u00fa, baklawa, entre otros, y de bebidas tradicionales como zurracapote, caipirinha, lemoncello y una buena cerveza.<\/p>\n<p>Combos, promos familiares, beneficios por reservas anticipadas, descuentos por modalidad de pago e ingeniosos men\u00fa degustaci\u00f3n forman parte tambi\u00e9n del abanico de propuestas.<\/p>\n<p>Se recomienda realizar los pedidos con anticipaci\u00f3n ya que cada colectividad tendr\u00e1 su propia modalidad de env\u00edo o retiro. M\u00e1s all\u00e1 de lo gastron\u00f3mico, los organizadores apuestan a las redes sociales para difundir distintos aspectos culturales de cada una de las colectividades. Por primera vez, la Municipalidad distinguir\u00e1 a las 19 colectividades que dieron origen, hace 36 a\u00f1os, al encuentro.<\/p>\n<h6>Fuente: La Capital<\/h6>\n","protected":false},"excerpt":{"rendered":"<p>Podr\u00e1 disfrutarse durante dos viernes, s\u00e1bados y domingos. La oferta gastron\u00f3mica se pedir\u00e1 por el sitio web de Vidrieras en Red<\/p>\n","protected":false},"author":2,"featured_media":108800,"comment_status":"closed","ping_status":"closed","sticky":false,"template":"","format":"standard","meta":{"footnotes":""},"categories":[47],"tags":[10],"class_list":["post-108799","post","type-post","status-publish","format-standard","has-post-thumbnail","hentry","category-fiestas","tag-santa-fe"],"_links":{"self":[{"href":"http:\/\/argentinamunicipal.com.ar\/argentina\/wp-json\/wp\/v2\/posts\/108799","targetHints":{"allow":["GET"]}}],"collection":[{"href":"http:\/\/argentinamunicipal.com.ar\/argentina\/wp-json\/wp\/v2\/posts"}],"about":[{"href":"http:\/\/argentinamunicipal.com.ar\/argentina\/wp-json\/wp\/v2\/types\/post"}],"author":[{"embeddable":true,"href":"http:\/\/argentinamunicipal.com.ar\/argentina\/wp-json\/wp\/v2\/users\/2"}],"replies":[{"embeddable":true,"href":"http:\/\/argentinamunicipal.com.ar\/argentina\/wp-json\/wp\/v2\/comments?post=108799"}],"version-history":[{"count":0,"href":"http:\/\/argentinamunicipal.com.ar\/argentina\/wp-json\/wp\/v2\/posts\/108799\/revisions"}],"wp:featuredmedia":[{"embeddable":true,"href":"http:\/\/argentinamunicipal.com.ar\/argentina\/wp-json\/wp\/v2\/media\/108800"}],"wp:attachment":[{"href":"http:\/\/argentinamunicipal.com.ar\/argentina\/wp-json\/wp\/v2\/media?parent=108799"}],"wp:term":[{"taxonomy":"category","embeddable":true,"href":"http:\/\/argentinamunicipal.com.ar\/argentina\/wp-json\/wp\/v2\/categories?post=108799"},{"taxonomy":"post_tag","embeddable":true,"href":"http:\/\/argentinamunicipal.com.ar\/argentina\/wp-json\/wp\/v2\/tags?post=108799"}],"curies":[{"name":"wp","href":"https:\/\/api.w.org\/{rel}","templated":true}]}}