{"id":108820,"date":"2020-11-04T05:12:05","date_gmt":"2020-11-04T08:12:05","guid":{"rendered":"http:\/\/argentinamunicipal.com.ar\/argentina\/?p=108820"},"modified":"2020-11-03T18:15:02","modified_gmt":"2020-11-03T21:15:02","slug":"santa-fe-mas-de-1300-locales-comerciales-desocupados-en-la-capital-provincial","status":"publish","type":"post","link":"http:\/\/argentinamunicipal.com.ar\/argentina\/santa-fe-mas-de-1300-locales-comerciales-desocupados-en-la-capital-provincial\/","title":{"rendered":"Santa Fe: M\u00e1s de 1300 locales comerciales desocupados en la capital provincial"},"content":{"rendered":"<p>La cifra representa un incremento de casi el 30 por ciento en relaci\u00f3n al mes de abril.<\/p>\n<p>El Comercial de Santa Fe revel\u00f3 que\u00a0unos 1371 locales de las principales avenidas y calles de la ciudad se encuentran desocupados. La cifra representa un incremento de casi el 30 por ciento en relaci\u00f3n al mes de abril, fecha del \u00faltimo informe.<\/p>\n<p>Seg\u00fan detall\u00f3 el relevamiento, en pr\u00e1cticamente\u00a0todas\u00a0las arterias de la ciudad se han producido cierres de locales comerciales. Con el 31,96 por ciento, la calle Eva Per\u00f3n representa la zona de mayor desocupaci\u00f3n en comparaci\u00f3n con el n\u00famero de negocios, al constatar\u00a031 espacios vac\u00edos. Sin embargo, la peatonal en calle San Mart\u00edn, es donde m\u00e1s locales desocupados se registran, con\u00a0152 vidrieras cerradas.<\/p>\n<p>El principal motivo de la recisi\u00f3n de contratos de\u00a0alquiler ha sido la imposibilidad\u00a0de cumplir con el pago de los alquileres en tiempo y forma. En tanto, la\u00a0baja de las ventas\u00a0durante la pandemia, fue otro de los atenuantes que hizo sucumbir a muchos comerciantes.<\/p>\n<p>Seg\u00fan un estudio de proyecci\u00f3n, cuando finalice el Aislamiento Sanitario Preventivo y Obligatorio (ASPO), se calcula que alrededor del\u00a011,5 por ciento de los locales comerciales de todo el pa\u00eds\u00a0que debieron cesar sus actividades a causa de la pandemia, ya no volver\u00e1 a abrir sus puertas. Por otra parte, se estima que el 46 por ciento de los locales comerciales ocupados hoy, son explotados por sus due\u00f1os.<\/p>\n<h6>Fuente: Sin Mordaza<\/h6>\n","protected":false},"excerpt":{"rendered":"<p>La cifra representa un incremento de casi el 30 por ciento en relaci\u00f3n al mes de abril.<\/p>\n","protected":false},"author":2,"featured_media":108821,"comment_status":"closed","ping_status":"closed","sticky":false,"template":"","format":"standard","meta":{"footnotes":""},"categories":[2],"tags":[10],"class_list":["post-108820","post","type-post","status-publish","format-standard","has-post-thumbnail","hentry","category-informe-municipal","tag-santa-fe"],"_links":{"self":[{"href":"http:\/\/argentinamunicipal.com.ar\/argentina\/wp-json\/wp\/v2\/posts\/108820","targetHints":{"allow":["GET"]}}],"collection":[{"href":"http:\/\/argentinamunicipal.com.ar\/argentina\/wp-json\/wp\/v2\/posts"}],"about":[{"href":"http:\/\/argentinamunicipal.com.ar\/argentina\/wp-json\/wp\/v2\/types\/post"}],"author":[{"embeddable":true,"href":"http:\/\/argentinamunicipal.com.ar\/argentina\/wp-json\/wp\/v2\/users\/2"}],"replies":[{"embeddable":true,"href":"http:\/\/argentinamunicipal.com.ar\/argentina\/wp-json\/wp\/v2\/comments?post=108820"}],"version-history":[{"count":0,"href":"http:\/\/argentinamunicipal.com.ar\/argentina\/wp-json\/wp\/v2\/posts\/108820\/revisions"}],"wp:featuredmedia":[{"embeddable":true,"href":"http:\/\/argentinamunicipal.com.ar\/argentina\/wp-json\/wp\/v2\/media\/108821"}],"wp:attachment":[{"href":"http:\/\/argentinamunicipal.com.ar\/argentina\/wp-json\/wp\/v2\/media?parent=108820"}],"wp:term":[{"taxonomy":"category","embeddable":true,"href":"http:\/\/argentinamunicipal.com.ar\/argentina\/wp-json\/wp\/v2\/categories?post=108820"},{"taxonomy":"post_tag","embeddable":true,"href":"http:\/\/argentinamunicipal.com.ar\/argentina\/wp-json\/wp\/v2\/tags?post=108820"}],"curies":[{"name":"wp","href":"https:\/\/api.w.org\/{rel}","templated":true}]}}