{"id":108866,"date":"2020-11-05T04:58:04","date_gmt":"2020-11-05T07:58:04","guid":{"rendered":"http:\/\/argentinamunicipal.com.ar\/argentina\/?p=108866"},"modified":"2020-11-04T14:03:33","modified_gmt":"2020-11-04T17:03:33","slug":"como-seran-las-obras-que-llevaran-jardines-maternales-a-las-zonas-mas-vulnerables-de-todo-el-pais","status":"publish","type":"post","link":"http:\/\/argentinamunicipal.com.ar\/argentina\/como-seran-las-obras-que-llevaran-jardines-maternales-a-las-zonas-mas-vulnerables-de-todo-el-pais\/","title":{"rendered":"C\u00f3mo ser\u00e1n las obras que llevar\u00e1n jardines maternales a las zonas m\u00e1s vulnerables de todo el pa\u00eds"},"content":{"rendered":"<p>El gobierno nacional anunci\u00f3 la construcci\u00f3n de 300 Centros de Desarrollo Infantil (CDI), en una primera etapa durante 2021 y 2022. Se ver\u00e1n beneficiados 28.800 ni\u00f1os de 45 d\u00edas a 4 a\u00f1os.<\/p>\n<p>El gobierno nacional anunci\u00f3 la construcci\u00f3n de 300 Centros de Desarrollo Infantil (CDI), en una primera etapa durante 2021 y 2022, para beneficiar a 28.800 ni\u00f1os de 45 d\u00edas a 4 a\u00f1os de las poblaciones m\u00e1s vulnerables de todo el pa\u00eds.<\/p>\n<p>El anuncio fue realizado este mi\u00e9rcoles por el presidente Alberto Fern\u00e1ndez, en un acto en la Casa de Gobierno, junto a los ministros de Obras P\u00fablicas, Gabriel Katopodis; Desarrollo Social, Daniel Arroyo; y de las Mujeres, G\u00e9neros y Diversidad, Elizabeth G\u00f3mez Alcorta.<\/p>\n<p>Katopodis, cuya cartera participar\u00e1 de la construcci\u00f3n junto a la de Desarrollo Social, dijo a T\u00e9lam que, con el programa de obras, \u00abse va a llegar con jardines maternales a los lugares m\u00e1s vulnerables de la Argentina, para poder ampliar las oportunidades en la primera infancia y reducir las brechas que hoy existen\u00bb.<\/p>\n<p>\u00abEstamos construyendo una Red de Infraestructura del Cuidado con sentido federal y para eso destinamos un porcentaje espec\u00edfico de nuestro presupuesto para obras vinculadas a la promoci\u00f3n de derechos y pol\u00edticas de cuidado\u00bb, explic\u00f3 el ministro.<\/p>\n<p>\u00abSe va a llegar con jardines maternales a los lugares m\u00e1s vulnerables de la Argentina, para poder ampliar las oportunidades en la primera infancia y reducir las brechas\u00bb\u00a0GABRIEL KATOPODIS<\/p>\n<p><strong>Inversi\u00f3n y financiamiento<\/strong><\/p>\n<p>Seg\u00fan inform\u00f3 la cartera de Obras P\u00fablicas, los espacios -que forman parte de la Red de Infraestructura de Cuidado- tendr\u00e1n una inversi\u00f3n de $7.991 millones en infraestructura, equipamiento y mantenimiento.<\/p>\n<p>Para el dise\u00f1o del plan, el ministerio estableci\u00f3 un Fondo de Infraestructura de Cuidados para destinar el 8,5% de su presupuesto anual a obras vinculadas a la promoci\u00f3n de derechos y que garanticen est\u00e1ndares b\u00e1sicos de calidad de vida para la poblaci\u00f3n.<\/p>\n<p>En ese marco, seg\u00fan se consign\u00f3 en un comunicado, para la construcci\u00f3n de los CDI, se trabaj\u00f3 en el dise\u00f1o, la evaluaci\u00f3n y la pol\u00edtica de suelo, y la localizaci\u00f3n para su construcci\u00f3n.<\/p>\n<p>Por su parte, el Ministerio de Desarrollo Social que encabeza Daniel Arroyo tiene la funci\u00f3n de apoyar la gesti\u00f3n y el fortalecimiento futuro de los CDI con una inversi\u00f3n inicial destinada a equipamiento e insumos.<\/p>\n<p>Asimismo, Desarrollo Social realizar\u00e1 un acompa\u00f1amiento econ\u00f3mico mensual por cantidad de ni\u00f1os y ni\u00f1as, que permitan garantizar los gastos de funcionamiento b\u00e1sico de cada espacio, adem\u00e1s de la asistencia t\u00e9cnica y la formaci\u00f3n para el personal.<\/p>\n<p>De acuerdo al programa, la provincia o el municipio ser\u00e1 responsables de la disponibilidad del suelo y de brindar los recursos humanos necesarios para su operatividad.<\/p>\n<p>La provincia o el municipio ser\u00e1 responsables de la disponibilidad del suelo y de brindar los recursos humanos necesarios para su operatividad<\/p>\n<p><strong>Los centros<\/strong><\/p>\n<p>Con los nuevos Centros de Desarrollo Infantil, el Ministerio de Obras P\u00fablicas se propone \u00abaumentar oportunidades para la primera infancia y reducir las brechas existentes de pobreza, g\u00e9nero y territoriales, ampliando la infraestructura para acceder a este servicio de cuidado integral que garanticen la protecci\u00f3n y promoci\u00f3n de los derechos de ni\u00f1as y ni\u00f1os\u00bb.<\/p>\n<p>Los CDI contar\u00e1n con una superficie de 220 metros cuadrados, distintas salas seg\u00fan las edades y espacios de recreaci\u00f3n al aire libre.<\/p>\n<p>Con una capacidad de 48 ni\u00f1as y ni\u00f1os por turno, brindar\u00e1n una atenci\u00f3n integral para su desarrollo, que incluye asistencia nutricional, estimulaci\u00f3n temprana y psicomotricidad.<\/p>\n<p>La localizaci\u00f3n de los CDI, seg\u00fan se explic\u00f3, es definida en base a un \u00cdndice de Inequidades en la Primera Infancia (IPI), construido a partir de tres criterios compuestos por dimensi\u00f3n \u00abvulnerabilidad y desigualdades de accesos a cuidados en la ni\u00f1ez\u00bb; \u00abdemogr\u00e1fica y escala de ciudades\u00bb; y \u00abviabilidad de suelo, gesti\u00f3n y sostenibilidad en el tiempo\u00bb.<\/p>\n<p>Con una capacidad de 48 ni\u00f1as y ni\u00f1os por turno, brindar\u00e1n una atenci\u00f3n integral para su desarrollo, que incluye asistencia nutricional, estimulaci\u00f3n temprana y psicomotricidad<\/p>\n<p>As\u00ed, el ministerio, tomando en cuenta estos indicadores y con un \u00absentido federal\u00bb, distribuye los 300 CDI entre las 23 provincias y la Ciudad Aut\u00f3noma de Buenos Aires.<\/p>\n<p>Adem\u00e1s de los Centros de Desarrollo Infantil, la Red de Infraestructura del Cuidado est\u00e1 conformada por la Red de Emergencia Sanitaria Federal Covid-19, en articulaci\u00f3n con el Ministerio de Salud, que incluye 118 intervenciones en todo el pa\u00eds para sumar nuevas camas y fortalecer el sistema p\u00fablico de salud.<\/p>\n<p>Una vez que pase la pandemia, las obras quedar\u00e1n como capacidad instalada en cada localidad, seg\u00fan se\u00f1ala el comunicado.<\/p>\n<p>La red tambi\u00e9n integra asimismo a los centros territoriales de atenci\u00f3n integral y protecci\u00f3n para las personas en situaci\u00f3n de violencias por motivos de g\u00e9nero, en articulaci\u00f3n con el Ministerio de las Mujeres, G\u00e9neros y Diversidad. Los dos primeros se construyen en Quilmes (Buenos Aires) y en Santa Rosa (La Pampa).<\/p>\n<h6>Fuente: Telam<\/h6>\n","protected":false},"excerpt":{"rendered":"<p>El gobierno nacional anunci\u00f3 la construcci\u00f3n de 300 Centros de Desarrollo Infantil (CDI), en una primera etapa durante 2021 y 2022. Se ver\u00e1n beneficiados 28.800 ni\u00f1os de 45 d\u00edas a 4 a\u00f1os.<\/p>\n","protected":false},"author":2,"featured_media":108867,"comment_status":"closed","ping_status":"closed","sticky":false,"template":"","format":"standard","meta":{"footnotes":""},"categories":[8],"tags":[21],"class_list":["post-108866","post","type-post","status-publish","format-standard","has-post-thumbnail","hentry","category-informe-nacional","tag-argentina"],"_links":{"self":[{"href":"http:\/\/argentinamunicipal.com.ar\/argentina\/wp-json\/wp\/v2\/posts\/108866","targetHints":{"allow":["GET"]}}],"collection":[{"href":"http:\/\/argentinamunicipal.com.ar\/argentina\/wp-json\/wp\/v2\/posts"}],"about":[{"href":"http:\/\/argentinamunicipal.com.ar\/argentina\/wp-json\/wp\/v2\/types\/post"}],"author":[{"embeddable":true,"href":"http:\/\/argentinamunicipal.com.ar\/argentina\/wp-json\/wp\/v2\/users\/2"}],"replies":[{"embeddable":true,"href":"http:\/\/argentinamunicipal.com.ar\/argentina\/wp-json\/wp\/v2\/comments?post=108866"}],"version-history":[{"count":0,"href":"http:\/\/argentinamunicipal.com.ar\/argentina\/wp-json\/wp\/v2\/posts\/108866\/revisions"}],"wp:featuredmedia":[{"embeddable":true,"href":"http:\/\/argentinamunicipal.com.ar\/argentina\/wp-json\/wp\/v2\/media\/108867"}],"wp:attachment":[{"href":"http:\/\/argentinamunicipal.com.ar\/argentina\/wp-json\/wp\/v2\/media?parent=108866"}],"wp:term":[{"taxonomy":"category","embeddable":true,"href":"http:\/\/argentinamunicipal.com.ar\/argentina\/wp-json\/wp\/v2\/categories?post=108866"},{"taxonomy":"post_tag","embeddable":true,"href":"http:\/\/argentinamunicipal.com.ar\/argentina\/wp-json\/wp\/v2\/tags?post=108866"}],"curies":[{"name":"wp","href":"https:\/\/api.w.org\/{rel}","templated":true}]}}