{"id":108885,"date":"2020-11-05T14:04:18","date_gmt":"2020-11-05T17:04:18","guid":{"rendered":"http:\/\/argentinamunicipal.com.ar\/argentina\/?p=108885"},"modified":"2020-11-05T14:04:18","modified_gmt":"2020-11-05T17:04:18","slug":"plan-de-crecimiento-de-mediano-y-largo-plazo","status":"publish","type":"post","link":"http:\/\/argentinamunicipal.com.ar\/argentina\/plan-de-crecimiento-de-mediano-y-largo-plazo\/","title":{"rendered":"Plan de crecimiento de mediano y largo plazo"},"content":{"rendered":"<p>El objetivo es una mayor integraci\u00f3n local, m\u00e1s exportaciones y generar empleo de calidad. Es la propuesta del Ministerio de Desarrollo Productivo a cada uno de los eslabones de la metalmec\u00e1nica.<\/p>\n<p>El ministro de Desarrollo Productivo, Mat\u00edas Kulfas, se reuni\u00f3, en el marco del Acuerdo Econ\u00f3mico y Social , con representantes de los trabajadores y de empresarios del\u00a0sector metalmec\u00e1nico\u00a0y fijaron un nuevo encuentro para la semana pr\u00f3xima en el que se discutir\u00e1n los\u00a0ejes de la agenda de desarrollo\u00a0para lograr una\u00a0mayor integraci\u00f3n local\u00a0y que el sector\u00a0\u201cexporte m\u00e1s y genere empleo de calidad\u201d.<\/p>\n<p>\u201cEstos encuentros son un eslab\u00f3n fundamental para que, a partir del di\u00e1logo y el consenso, podamos apuntar a la reconstrucci\u00f3n y a poner a la Argentina de pie con\u00a0los ejes de la producci\u00f3n y el trabajo\u201d, afirm\u00f3 Kulfas durante el encuentro.<\/p>\n<p>En este sentido, indic\u00f3 que \u201cla metalmec\u00e1nica es una cadena productiva muy diversa, con mucho para desarrollar, y es necesario que alcancemos acuerdos concretos para que el sector pueda generar empleos de calidad y mejorar el salario\u201d.<\/p>\n<p>Por \u00faltimo, propuso trabajar en una \u201cagenda m\u00e1s amplia que nos permita\u00a0crecer a largo plazo: queremos un sector productivo que exporte m\u00e1s y fortalecer el\u00a0desarrollo de proveedores locales, adem\u00e1s de dar una discusi\u00f3n sobre la productividad para generar una econom\u00eda m\u00e1s competitiva\u201d.<\/p>\n<p>Kulfas estuvo acompa\u00f1ado por los secretarios de Industria, Econom\u00eda del Conocimiento y Gesti\u00f3n Comercial Externa, Ariel Schale; de Trabajo, Marcelo Belloti; y la subsecretaria de Programaci\u00f3n Regional y Sectorial del Ministerio de Econom\u00eda, Josefina Grosso.<\/p>\n<p>Al encuentro concurrieron en representaci\u00f3n de la Asociaci\u00f3n de Industriales Metal\u00fargicos de la Rep\u00fablica Argentina (ADMIRA) Gerardo Ventuolo, Luis Manini y Pablo Gaspari; por la C\u00e1mara de la Peque\u00f1a y Mediana Industria Metal\u00fargica Argentina (CAMIMA) asisti\u00f3 Jos\u00e9 Luis Ammaturo; y por la Uni\u00f3n Obrera Metal\u00fargica (UOM) Antonio Cal\u00f3 y Abel Furlam.<\/p>\n<p>La agenda incluy\u00f3\u00a0la conformaci\u00f3n de mesas de compras p\u00fablicas con los organismos de mayor demanda, aumento de la integraci\u00f3n local y desarrollo de proveedores nacionales como la estandarizaci\u00f3n de piezas para aprovechar econom\u00edas de escala, desarrollo de proveedores de componentes cr\u00edticos y el fortalecimiento de red de proveedores.<\/p>\n<p>Tambi\u00e9n se avanz\u00f3 en\u00a0la promoci\u00f3n para la inserci\u00f3n internacional del sector\u00a0junto con la certificaci\u00f3n y regulaciones necesarias para exportar, as\u00ed como en la identificaci\u00f3n de problemas asociados a la competitividad y promoci\u00f3n de la calidad, la incorporaci\u00f3n de nuevas tecnolog\u00edas mec\u00e1nicas y de gesti\u00f3n, con herramientas de mejora continua.<\/p>\n<p>Durante el encuentro,\u00a0Cal\u00f3\u00a0sostuvo que \u201ccuenten con nosotros; bienvenida sea esta mesa. Si las empresas crecen, el sindicato crece, as\u00ed que nosotros vamos a acompa\u00f1ar\u201d.\u00a0El secretario\u00a0Schale\u00a0indic\u00f3 que \u201cen esta primera reuni\u00f3n ponemos el centro en la producci\u00f3n y el trabajo. Tenemos una amplia agenda de temas para trabajar r\u00e1pido, si algo define estas mesas es la sinceridad y el compromiso para poder generar los instrumentos necesarios en el corto plazo\u201d. Adem\u00e1s, afirm\u00f3 que \u201cel sector metalmec\u00e1nico es central en el desarrollo de la industria argentina por ser transversal a muchos otros sectores. Ya lanzamos instrumentos como el Programa de Desarrollo de Proveedores que en gran medida se destina a potenciar este rubro. Cuando vemos a sectores de la industria nacional incrementar la producci\u00f3n nos da profunda alegr\u00eda\u201d.<\/p>\n<p>A su turno, Furlam analiz\u00f3 que \u201cel sector fue uno de los m\u00e1s castigados en los cuatro a\u00f1os del gobierno anterior y tenemos mucha esperanza de que este gobierno encauce la producci\u00f3n y el trabajo\u201d. Por ADIMRA, Venutolo destac\u00f3 el trabajo de la Mesa Sectorial para \u201cintercambiar propuestas\u201d, para afirmar que \u201cla actividad sectorial tiene muchos sectores con buenos niveles de trabajo como maquinaria agr\u00edcola con un a\u00f1o adelantado de ventas, l\u00ednea blanca y la cadena de valor de la construcci\u00f3n. Hay sectores como la cadena de valor que provee al sector de petr\u00f3leo y gas que est\u00e1 complicada\u201d.<\/p>\n<p>El secretario de Trabajo,\u00a0Marcelo Bellotti, resalt\u00f3 la coincidencia de tener con el sector privado \u201cuna visi\u00f3n industrialista.\u00a0El derecho de Argentina a ser un pa\u00eds industrial. La cadena metalmec\u00e1nica es nodal para el pa\u00eds.\u00a0Es muy importante la recuperaci\u00f3n del salario real de los trabajadores. Y tambi\u00e9n\u00a0preservar a las obras sociales sindicales que han tenido un rol fundamental en la pandemia. Somos un gobierno que quiere fortalecer a las empresas industriales. Necesitamos que las voces se escuchen porque si no, la criatura no es de nadie\u201d.<\/p>\n<p>Finalmente, por CAMIMA Ammaturo apunt\u00f3 que \u00aben este 2020 necesitamos mantener las fuentes de trabajo.\u00a0Las pymes metal\u00fargicas est\u00e1n preservando el trabajo\u00a0pero necesitamos ideas para crecer y los necesitamos a ustedes para que nos apoyen\u201d.<\/p>\n<h6>Fuente: P\u00e1gina 12<\/h6>\n","protected":false},"excerpt":{"rendered":"<p>El objetivo es una mayor integraci\u00f3n local, m\u00e1s exportaciones\u00a0y generar empleo de calidad. Es la propuesta del Ministerio de Desarrollo Productivo a cada uno de los eslabones de la metalmec\u00e1nica.<\/p>\n","protected":false},"author":2,"featured_media":108886,"comment_status":"closed","ping_status":"closed","sticky":false,"template":"","format":"standard","meta":{"footnotes":""},"categories":[8],"tags":[21],"class_list":["post-108885","post","type-post","status-publish","format-standard","has-post-thumbnail","hentry","category-informe-nacional","tag-argentina"],"_links":{"self":[{"href":"http:\/\/argentinamunicipal.com.ar\/argentina\/wp-json\/wp\/v2\/posts\/108885","targetHints":{"allow":["GET"]}}],"collection":[{"href":"http:\/\/argentinamunicipal.com.ar\/argentina\/wp-json\/wp\/v2\/posts"}],"about":[{"href":"http:\/\/argentinamunicipal.com.ar\/argentina\/wp-json\/wp\/v2\/types\/post"}],"author":[{"embeddable":true,"href":"http:\/\/argentinamunicipal.com.ar\/argentina\/wp-json\/wp\/v2\/users\/2"}],"replies":[{"embeddable":true,"href":"http:\/\/argentinamunicipal.com.ar\/argentina\/wp-json\/wp\/v2\/comments?post=108885"}],"version-history":[{"count":0,"href":"http:\/\/argentinamunicipal.com.ar\/argentina\/wp-json\/wp\/v2\/posts\/108885\/revisions"}],"wp:featuredmedia":[{"embeddable":true,"href":"http:\/\/argentinamunicipal.com.ar\/argentina\/wp-json\/wp\/v2\/media\/108886"}],"wp:attachment":[{"href":"http:\/\/argentinamunicipal.com.ar\/argentina\/wp-json\/wp\/v2\/media?parent=108885"}],"wp:term":[{"taxonomy":"category","embeddable":true,"href":"http:\/\/argentinamunicipal.com.ar\/argentina\/wp-json\/wp\/v2\/categories?post=108885"},{"taxonomy":"post_tag","embeddable":true,"href":"http:\/\/argentinamunicipal.com.ar\/argentina\/wp-json\/wp\/v2\/tags?post=108885"}],"curies":[{"name":"wp","href":"https:\/\/api.w.org\/{rel}","templated":true}]}}