{"id":109018,"date":"2020-11-10T06:00:10","date_gmt":"2020-11-10T09:00:10","guid":{"rendered":"http:\/\/argentinamunicipal.com.ar\/argentina\/?p=109018"},"modified":"2020-11-09T20:11:03","modified_gmt":"2020-11-09T23:11:03","slug":"kicillof-defendio-el-cooperativismo-y-la-produccion-agropecuaria","status":"publish","type":"post","link":"http:\/\/argentinamunicipal.com.ar\/argentina\/kicillof-defendio-el-cooperativismo-y-la-produccion-agropecuaria\/","title":{"rendered":"Kicillof defendi\u00f3 el cooperativismo y la producci\u00f3n agropecuaria"},"content":{"rendered":"<p>El gobernador bonaerense, Axel Kicillof, destac\u00f3 la producci\u00f3n de alimentos por parte del sector agropecuario bonaerense, en el contexto de la pandemia.<\/p>\n<p>El gobernador bonaerense,\u00a0Axel Kicillof, particip\u00f3 junto a sus pares de Santa Fe, Omar Perotti, y Mendoza, Rodolfo Su\u00e1rez, del panel \u201cPol\u00edtica y alimentos. Producciones regionales\u201d, en el marco del Congreso Internacional Coninagro.<\/p>\n<p>All\u00ed, Kicillof resalt\u00f3 la importancia de la producci\u00f3n agropecuaria para la econom\u00eda bonaerense, pero tambi\u00e9n para todo el pa\u00eds en el contexto de la pandemia de coronavirus Covid-19. Cabe recordar que el sector agropecuario fue uno de los sectores productivos que jam\u00e1s se detuvo pese a la pandemia.<\/p>\n<p>En ese sentido, el Gobernador sostuvo que \u201cse declar\u00f3 el car\u00e1cter esencial de la producci\u00f3n de alimentos\u201d, y agreg\u00f3 que \u201ctambi\u00e9n se tomaron medidas para sostener el ingreso y evitar una ca\u00edda importante de la demanda\u201d.<br \/>\n\u201cEste va a ser un Gobierno que va a priorizar la producci\u00f3n, obviamente con valor agregado. Hay que corregir las tasas de inter\u00e9s, las tarifas dolarizadas y la inestabilidad macroecon\u00f3mica\u201d, indic\u00f3\u00a0Kicillof. El Gobernador adem\u00e1s manifest\u00f3 que \u201cdesde que asumimos propusimos diferentes iniciativas para el sector agropecuario, siempre haciendo hincapi\u00e9 en la segmentaci\u00f3n de las pol\u00edticas para distinguir las necesidades de grandes, medianos y peque\u00f1os productores\u201d.<\/p>\n<p>Luego resalt\u00f3 \u201cel nuevo rol del Banco Provincia para facilitar el acceso al cr\u00e9dito y ayudar especialmente a las cooperativas, que no solo representan uno de los sectores m\u00e1s din\u00e1micos de la Provincia sino que adem\u00e1s cumplen una funci\u00f3n social\u201d.<\/p>\n<p>Respecto a la producci\u00f3n postpandemia,\u00a0Kicillof\u00a0se\u00f1al\u00f3 que ya hay indicadores positivos. \u201cLa producci\u00f3n de leche creci\u00f3 un 8% y aument\u00f3 la superficie sembrada de trigo\u201d, sostuvo. En ese marco, ponder\u00f3 el rol del Estado al se\u00f1alar que \u201cel peque\u00f1o productor y las modalidades asociativas requieren una articulaci\u00f3n muy fuerte con el Estado\u201d.<\/p>\n<p>Siempre en esa l\u00ednea, el Gobernador enumer\u00f3 las medidas que realiz\u00f3 la\u00a0Provincia\u00a0para auxiliar y beneficiar la actividad agropecuaria. \u201cDise\u00f1amos Fuerza Solidaria, un fondo espec\u00edfico para la generaci\u00f3n de valor agregado y conectividad; recuperamos el Fondo Cooperativo, con 144 millones de pesos anuales para impulsar la actividad; lanzamos un Fondo Rotatorio para Cooperativas ap\u00edcolas y pesqueras; y establecimos consultorios t\u00e9cnicos para asistir a las cooperativas de manera gratuita\u201d, cont\u00f3.<\/p>\n<p>Por otro lado, Kicillof remarc\u00f3 la importancia de las cooperativas, a las que la administraci\u00f3n bonaerense destaca como un sector importante de la producci\u00f3n.\u00a0\u201cPara nosotros son muy importantes las cooperativas y para muchos pareciera que les repugnan\u201d, sostuvo\u00a0Kicillof.<\/p>\n<p>Y concluy\u00f3: \u201cFortalecer a la producci\u00f3n en el sector agropecuario y que, al mismo tiempo, ese crecimiento est\u00e9 motorizado por las cooperativas, es una oportunidad inmensa para la provincia de Buenos Aires\u201d.<\/p>\n<h6>Fuente: InfoCielo<\/h6>\n","protected":false},"excerpt":{"rendered":"<p>El gobernador bonaerense, Axel Kicillof, destac\u00f3 la producci\u00f3n de alimentos por parte del sector agropecuario bonaerense, en el contexto de la pandemia.<\/p>\n","protected":false},"author":2,"featured_media":109020,"comment_status":"closed","ping_status":"closed","sticky":false,"template":"","format":"standard","meta":{"footnotes":""},"categories":[65],"tags":[12,31,10],"class_list":["post-109018","post","type-post","status-publish","format-standard","has-post-thumbnail","hentry","category-provincias","tag-buenos-aires","tag-mendoza","tag-santa-fe"],"_links":{"self":[{"href":"http:\/\/argentinamunicipal.com.ar\/argentina\/wp-json\/wp\/v2\/posts\/109018","targetHints":{"allow":["GET"]}}],"collection":[{"href":"http:\/\/argentinamunicipal.com.ar\/argentina\/wp-json\/wp\/v2\/posts"}],"about":[{"href":"http:\/\/argentinamunicipal.com.ar\/argentina\/wp-json\/wp\/v2\/types\/post"}],"author":[{"embeddable":true,"href":"http:\/\/argentinamunicipal.com.ar\/argentina\/wp-json\/wp\/v2\/users\/2"}],"replies":[{"embeddable":true,"href":"http:\/\/argentinamunicipal.com.ar\/argentina\/wp-json\/wp\/v2\/comments?post=109018"}],"version-history":[{"count":0,"href":"http:\/\/argentinamunicipal.com.ar\/argentina\/wp-json\/wp\/v2\/posts\/109018\/revisions"}],"wp:featuredmedia":[{"embeddable":true,"href":"http:\/\/argentinamunicipal.com.ar\/argentina\/wp-json\/wp\/v2\/media\/109020"}],"wp:attachment":[{"href":"http:\/\/argentinamunicipal.com.ar\/argentina\/wp-json\/wp\/v2\/media?parent=109018"}],"wp:term":[{"taxonomy":"category","embeddable":true,"href":"http:\/\/argentinamunicipal.com.ar\/argentina\/wp-json\/wp\/v2\/categories?post=109018"},{"taxonomy":"post_tag","embeddable":true,"href":"http:\/\/argentinamunicipal.com.ar\/argentina\/wp-json\/wp\/v2\/tags?post=109018"}],"curies":[{"name":"wp","href":"https:\/\/api.w.org\/{rel}","templated":true}]}}