{"id":109126,"date":"2020-11-12T05:33:46","date_gmt":"2020-11-12T08:33:46","guid":{"rendered":"http:\/\/argentinamunicipal.com.ar\/argentina\/?p=109126"},"modified":"2020-11-12T06:37:55","modified_gmt":"2020-11-12T09:37:55","slug":"el-gobierno-redefine-los-programas-de-ayuda-que-creo-en-la-pandemia","status":"publish","type":"post","link":"http:\/\/argentinamunicipal.com.ar\/argentina\/el-gobierno-redefine-los-programas-de-ayuda-que-creo-en-la-pandemia\/","title":{"rendered":"El gobierno redefine los programas de ayuda que cre\u00f3 en la pandemia"},"content":{"rendered":"<p>El ministro de Econom\u00eda fren\u00f3 las expectativas por una cuarta edici\u00f3n del Ingreso Familiar de Emergencia. Focalizar\u00e1n la ayuda social<\/p>\n<p>El gabinete econ\u00f3mico se reuni\u00f3 ayer para definir el futuro del Ingreso Familiar de Emergencia (IFE), el programa de Asistencia al Trabajo y la Producci\u00f3n (ATP) y cr\u00e9ditos para empresas. El futuro de ambos planes, que fueron claves para sostener el ingreso de empresas y familias en medio de la pandemia, est\u00e1 en duda al calor de las restricciones presupuestarias que impone la negociaci\u00f3n con el Fondo Monetario Internacional (FMI).<br \/>\nEl ministro de Econom\u00eda,\u00a0Mart\u00edn Guzm\u00e1n, se\u00f1al\u00f3 anoche que \u201cno es momento de un IFE 4\u201d y explic\u00f3 que el\u00a0gobierno\u00a0busca focalizar la ayuda econ\u00f3mica en los sectores \u201cm\u00e1s necesitados\u201d. No descart\u00f3 ni confirm\u00f3 un bono de fin de a\u00f1o.<\/p>\n<p>Fuentes que participaron del encuentro explicaron que el objetivo fue \u201canalizar a qu\u00e9 se destina cada peso\u201d por parte del Estado de cara al pr\u00f3ximo a\u00f1o. \u201cHay que tener en cuenta que el pago de una cuota de IFE es equivalente al presupuesto de Vialidad Nacional\u201d, destac\u00f3 uno de los participantes.<\/p>\n<p>El gabinete econ\u00f3mico viene evaluando en las \u00faltimas semanas c\u00f3mo se contin\u00faan cada una de las medidas dise\u00f1adas para afrontar las consecuencias de la crisis sanitaria. En ese sentido, se explic\u00f3 que el IFE, del cual se implementaron tres rondas que alcanzaron hasta 9 millones de familias con un monto de 10.000 pesos en cada edici\u00f3n, no puede ser disociado del resto de las medidas. \u201cHay que ir viendo c\u00f3mo se va con un Estado inteligente, que proyecta la ayuda de manera eficaz, de tener en cuenta las distintas realidades\u201d, se explic\u00f3 ayer tras el encuentro.<\/p>\n<p>\u201cNo es momento de un IFE 4&#8243;, dijo el ministro de Econom\u00eda, Mart\u00edn Guzm\u00e1n<\/p>\n<p>La titular de la Administraci\u00f3n Nacional de Seguridad Social (Ans\u00e9s), Fernanda Raverta, dijo que la continuidad del IFE \u201cse est\u00e1 evaluando\u201d porque \u201cla din\u00e1mica es bien compleja\u201d. Aclar\u00f3 que el gobierno \u201cno dejar\u00e1 de asistir\u201d a los que menos recursos tienen ya que hay un ingreso universal que es para los chicos de cero a 18 a\u00f1os que lo cobran 2,4 millones de personas desde hace once a\u00f1os.<\/p>\n<p>\u201cA m\u00ed me gusta decir que cuando pase la pandemia vamos a estar hablando mucho tiempo de lo que logramos hacer, como haber ganado tiempo para que el sistema sanitario est\u00e9 en condiciones pero que no explotara en t\u00e9rminos de ingresos familiares para las familias m\u00e1s pobres de la Argentina\u201d, dijo.<\/p>\n<p>El primer pago del IFE fue abonado entre abril y mayo. El segundo pago se concret\u00f3 entre junio y julio; y el tercero, en agosto. Actualmente reciben el ingreso de $ 10.000, los beneficiarios de la\u00a0Asignaci\u00f3n Universal por Hijo\u00a0(AUH) y la Asignaci\u00f3n Universal por Embarazo, trabajadores informales, desocupados y monotributistas de las categor\u00edas m\u00e1s bajas y para el personal de casas particulares.<\/p>\n<p>El rango etario en el que m\u00e1s se concentraron los beneficios es entre los 25 y 34 a\u00f1os (3 millones), seguido por entre 18 y 24 a\u00f1os (2,5 millones,. El rango con menor concentraci\u00f3n de beneficiarios es el que va de los 55 a los 65 a\u00f1os (600.000), seg\u00fan los datos de la Ans\u00e9s.<\/p>\n<p>De la misma manera, se avanz\u00f3 semanas atr\u00e1s en una redefinici\u00f3n del denominado ATP 7, por el cual en noviembre s\u00f3lo habr\u00e1 un subsidio para el pago complementario de salarios para aquellas empresas consideradas cr\u00edticas.<\/p>\n<p>En ese sentido, el nuevo esquema del ATP dispone que las empresas de sectores no cr\u00edticos ya no contar\u00e1n con la posibilidad del subsidio, sino que podr\u00e1n solicitar un pr\u00e9stamo a tasa reducida y plazo de doce cuotas para hacer frente al pago de salarios.<\/p>\n<p>El Estado invirti\u00f3 m\u00e1s de $ 230.000 millones a lo largo de los \u00faltimos seis meses para sostener puestos de trabajo e ingresos y la iniciativa benefici\u00f3 cada mes a un promedio de 1,7 mill\u00f3n de trabajadores que se desempe\u00f1an en 180.000 empresas.<\/p>\n<p>\u00abEl Estado invirti\u00f3 m\u00e1s de $ 230.000 millones en los \u00faltimos seis meses para pagar sueldos a trabajadores del sector privado mediante ATP<\/p>\n<p>En el gobierno explicaban ayer que estas redefiniciones son parte de \u201cuna cuesti\u00f3n estrat\u00e9gica que tiene que ver con ir acomodando la ayuda en funci\u00f3n de la realidad, que est\u00e1 inscripta en una din\u00e1mica econ\u00f3mica\u201d. Al respecto, se viene destacando que las empresas en ramas no cr\u00edticas que estuvieron sin facturaci\u00f3n o con la m\u00ednima, pasaron de 23% en abril a s\u00f3lo 8% en agosto.<\/p>\n<p>La secretaria ejecutiva de la Comisi\u00f3n Econ\u00f3mica para Am\u00e9rica Latina y el Caribe (Cepal), Alicia B\u00e1rcena, destac\u00f3 ayer el \u201cesfuerzo fiscal\u201d que realiz\u00f3 el gobierno argentino para mitigar los efectos de la pandemia y reiter\u00f3 la necesidad de auxiliar a los pa\u00edses de la regi\u00f3n con una expansi\u00f3n de los derechos especiales de giro (DEG) a trav\u00e9s del FMI. \u201cArgentina hizo un esfuerzo fiscal muy importante, que rond\u00f3 el 4,9%, incluso por encima del promedio regional que fue del 4,1% del PBI\u201d, afirm\u00f3 B\u00e1rcena durante su participaci\u00f3n en las Jornadas Monetarias y Bancarias organizadas por el Banco Central.<\/p>\n<h6>Fuente: La Capital<\/h6>\n","protected":false},"excerpt":{"rendered":"<p>El ministro de Econom\u00eda fren\u00f3 las expectativas por una cuarta edici\u00f3n del Ingreso Familiar de Emergencia. Focalizar\u00e1n la ayuda social<\/p>\n","protected":false},"author":2,"featured_media":109127,"comment_status":"closed","ping_status":"closed","sticky":false,"template":"","format":"standard","meta":{"footnotes":""},"categories":[8],"tags":[21],"class_list":["post-109126","post","type-post","status-publish","format-standard","has-post-thumbnail","hentry","category-informe-nacional","tag-argentina"],"_links":{"self":[{"href":"http:\/\/argentinamunicipal.com.ar\/argentina\/wp-json\/wp\/v2\/posts\/109126","targetHints":{"allow":["GET"]}}],"collection":[{"href":"http:\/\/argentinamunicipal.com.ar\/argentina\/wp-json\/wp\/v2\/posts"}],"about":[{"href":"http:\/\/argentinamunicipal.com.ar\/argentina\/wp-json\/wp\/v2\/types\/post"}],"author":[{"embeddable":true,"href":"http:\/\/argentinamunicipal.com.ar\/argentina\/wp-json\/wp\/v2\/users\/2"}],"replies":[{"embeddable":true,"href":"http:\/\/argentinamunicipal.com.ar\/argentina\/wp-json\/wp\/v2\/comments?post=109126"}],"version-history":[{"count":0,"href":"http:\/\/argentinamunicipal.com.ar\/argentina\/wp-json\/wp\/v2\/posts\/109126\/revisions"}],"wp:featuredmedia":[{"embeddable":true,"href":"http:\/\/argentinamunicipal.com.ar\/argentina\/wp-json\/wp\/v2\/media\/109127"}],"wp:attachment":[{"href":"http:\/\/argentinamunicipal.com.ar\/argentina\/wp-json\/wp\/v2\/media?parent=109126"}],"wp:term":[{"taxonomy":"category","embeddable":true,"href":"http:\/\/argentinamunicipal.com.ar\/argentina\/wp-json\/wp\/v2\/categories?post=109126"},{"taxonomy":"post_tag","embeddable":true,"href":"http:\/\/argentinamunicipal.com.ar\/argentina\/wp-json\/wp\/v2\/tags?post=109126"}],"curies":[{"name":"wp","href":"https:\/\/api.w.org\/{rel}","templated":true}]}}