{"id":109160,"date":"2020-11-12T04:00:01","date_gmt":"2020-11-12T07:00:01","guid":{"rendered":"http:\/\/argentinamunicipal.com.ar\/argentina\/?p=109160"},"modified":"2020-11-12T13:21:40","modified_gmt":"2020-11-12T16:21:40","slug":"fmi-la-sociedad-rural-argentina-pidio-eliminar-retenciones","status":"publish","type":"post","link":"http:\/\/argentinamunicipal.com.ar\/argentina\/fmi-la-sociedad-rural-argentina-pidio-eliminar-retenciones\/","title":{"rendered":"FMI: la Sociedad Rural Argentina pidi\u00f3 eliminar retenciones"},"content":{"rendered":"<p>La misi\u00f3n del FMI que se encuentra en la Argentina contin\u00faa con su ronda de visitas y fue recibida por las autoridades de la Sociedad Rural Argentina.<\/p>\n<p>Mientras el Gobierno nacional intenta generar un acuerdo para renegociar la deuda millonaria que dej\u00f3 la gesti\u00f3n de Mauricio Macri, la misi\u00f3n del\u00a0Fondo Monetario Internacional (FMI)\u00a0realiza reuniones con distintos sectores de la econom\u00eda del pa\u00eds. En ese aspecto, puso el ojo sobre la situaci\u00f3n agroexportada y fue recibida por las autoridades de la\u00a0Sociedad Rural Argentina (SRA). La entidad del campo le exigi\u00f3 al organismo la eliminaci\u00f3n de las retenciones.<\/p>\n<p>El encuentro se llev\u00f3 a cabo el mi\u00e9rcoles y el presidente de la SRA, Daniel Pelegrina, sostuvo que\u00a0\u00abcon las pol\u00edticas adecuadas, el\u00a0campo\u00a0est\u00e1 en condiciones de alcanzar todo su potencial y motorizar la econom\u00eda del pa\u00eds. Aclar\u00f3 que si, por el contrario, se produce una regresi\u00f3n a viejas recetas cuya ineficacia ya fue probada, perderemos oportunidades de generar una recuperaci\u00f3n en momentos tan delicados de la econom\u00eda nacional\u00bb.<\/p>\n<p>Asimismo, desde la\u00a0Sociedad Rural Argentina\u00a0relataron que se realiz\u00f3 un balance de las principales actividades del sector y la mirada de la entidad acerca de los desaf\u00edos m\u00e1s importantes que enfrenta, entre los que destac\u00f3 la alta presi\u00f3n impositiva, la amplia brecha cambiara, la falta de acceso al cr\u00e9dito y el d\u00e9ficit de infraestructura.<br \/>\nPelegrina se refiri\u00f3 tambi\u00e9n a \u00abla normalidad en el flujo de venta de la cosecha por parte de los productores, cuyos niveles est\u00e1n en l\u00ednea con los de a\u00f1os anteriores, puntualizando que la falta de moneda &#8216;dura&#8217; y de financiaci\u00f3n acorde, explican la gradualidad de las mismas\u00bb.<\/p>\n<p>Entonces, la entidad habl\u00f3 sobre la necesidad de una reforma impositiva general y mencion\u00f3 que la eliminaci\u00f3n de los derechos de exportaci\u00f3n \u00abes prioridad\u00bb.\u00a0\u201cLo que hay que hacer es eliminar las\u00a0retenciones\u00a0\u201d, se\u00f1al\u00f3 Pelegrina, y sostuvo que\u00a0\u201cse trata de un impuesto sumamente distorsivo que atenta contra la inversi\u00f3n y la incorporaci\u00f3n de tecnolog\u00eda\u201d.<\/p>\n<p>\u201cEst\u00e1 demostrado que toda vez que se eliminaron o se redujeron los derechos de exportaci\u00f3n, aumentaron r\u00e1pidamente los vol\u00famenes de producci\u00f3n y de empleo asociado; se produjo un efecto multiplicador hacia otros sectores, y se increment\u00f3 la rotaci\u00f3n de cultivos, lo que contribuye a una producci\u00f3n sustentable\u201d, agreg\u00f3.<\/p>\n<p>M\u00e1s adelante, manifest\u00f3 que \u00abalguna vez nuestros gobernantes tienen que confiar en que, sin derechos de exportaci\u00f3n y su devastador efecto distorsivo, van a recaudar m\u00e1s por mayor generaci\u00f3n de riqueza y la econom\u00eda asociada que motoriza todo el interior\u201d.<\/p>\n<p>En cuanto al proyecto de ley del\u00a0Impuesto a la Riqueza, asegur\u00f3 que\u00a0\u00abes un impuesto a los activos que, de prosperar, va a descapitalizar al campo, ya que obligar\u00e1 a muchos productores a desprenderse de capital de trabajo ante la iliquidez para hacerle frente\u201d.<\/p>\n<p>M\u00e1s adelante, Pelegrina opin\u00f3 que \u00abhay que mejorar la calidad del gasto p\u00fablico, asignando buena parte de \u00e9l a la infraestructura que genere competitividad en la econom\u00eda y en las exportaciones, y que resulte en oportunidad de desarrollo en todo el territorio nacional, basado en una educaci\u00f3n moderna como principal destino de ese gasto. Necesitamos de un Estado m\u00e1s medido y eficiente\u201d.<\/p>\n<p>Por parte del Fondo Monetario Internacional, asistieron Julie Kozack, Subdirectora del Departamento del Hemisferio Occidental, Luis Cobeddu, Jefe de Misi\u00f3n, y Trevor Aylene, Representante del FMI en Argentina. Por Sociedad Rural Argentina, adem\u00e1s de su presidente, asistieron Tom\u00e1s Palaz\u00f3n, Director del Instituto de Estudios Econ\u00f3micos y Negociaciones Internacionales, Ezequiel de Freijo, Economista Jefe, y Sebasti\u00e1n Dates, Adscripto a la Presidencia.<\/p>\n<h6>Fuente: InfoCielo<\/h6>\n","protected":false},"excerpt":{"rendered":"<p>La misi\u00f3n del FMI que se encuentra en la Argentina contin\u00faa con su ronda de visitas y fue recibida por las autoridades de la Sociedad Rural Argentina.<\/p>\n","protected":false},"author":2,"featured_media":109161,"comment_status":"closed","ping_status":"closed","sticky":false,"template":"","format":"standard","meta":{"footnotes":""},"categories":[8],"tags":[21],"class_list":["post-109160","post","type-post","status-publish","format-standard","has-post-thumbnail","hentry","category-informe-nacional","tag-argentina"],"_links":{"self":[{"href":"http:\/\/argentinamunicipal.com.ar\/argentina\/wp-json\/wp\/v2\/posts\/109160","targetHints":{"allow":["GET"]}}],"collection":[{"href":"http:\/\/argentinamunicipal.com.ar\/argentina\/wp-json\/wp\/v2\/posts"}],"about":[{"href":"http:\/\/argentinamunicipal.com.ar\/argentina\/wp-json\/wp\/v2\/types\/post"}],"author":[{"embeddable":true,"href":"http:\/\/argentinamunicipal.com.ar\/argentina\/wp-json\/wp\/v2\/users\/2"}],"replies":[{"embeddable":true,"href":"http:\/\/argentinamunicipal.com.ar\/argentina\/wp-json\/wp\/v2\/comments?post=109160"}],"version-history":[{"count":0,"href":"http:\/\/argentinamunicipal.com.ar\/argentina\/wp-json\/wp\/v2\/posts\/109160\/revisions"}],"wp:featuredmedia":[{"embeddable":true,"href":"http:\/\/argentinamunicipal.com.ar\/argentina\/wp-json\/wp\/v2\/media\/109161"}],"wp:attachment":[{"href":"http:\/\/argentinamunicipal.com.ar\/argentina\/wp-json\/wp\/v2\/media?parent=109160"}],"wp:term":[{"taxonomy":"category","embeddable":true,"href":"http:\/\/argentinamunicipal.com.ar\/argentina\/wp-json\/wp\/v2\/categories?post=109160"},{"taxonomy":"post_tag","embeddable":true,"href":"http:\/\/argentinamunicipal.com.ar\/argentina\/wp-json\/wp\/v2\/tags?post=109160"}],"curies":[{"name":"wp","href":"https:\/\/api.w.org\/{rel}","templated":true}]}}