{"id":109193,"date":"2020-11-13T04:30:26","date_gmt":"2020-11-13T07:30:26","guid":{"rendered":"http:\/\/argentinamunicipal.com.ar\/argentina\/?p=109193"},"modified":"2020-11-12T14:33:09","modified_gmt":"2020-11-12T17:33:09","slug":"en-bahia-blanca-una-familia-necesita-casi-51-000-para-no-ser-considerada-pobre","status":"publish","type":"post","link":"http:\/\/argentinamunicipal.com.ar\/argentina\/en-bahia-blanca-una-familia-necesita-casi-51-000-para-no-ser-considerada-pobre\/","title":{"rendered":"En Bah\u00eda Blanca, una familia necesita casi $ 51.000 para no ser considerada pobre"},"content":{"rendered":"<p>Ese monto corresponde a una familia tipo, conformada por dos adultos y dos chicos en edad escolar.<\/p>\n<p>Las l\u00edneas de indigencia y pobreza en Bah\u00eda Blanca crecieron 4,9 % durante el \u00faltimo mes, seg\u00fan los datos difundidos por el Centro Regional de Estudios Econ\u00f3micos de Bah\u00eda Blanca (CREEBBA).<\/p>\n<p>De esta manera, una familia bahiense tipo \u2014dos adultos y dos hijos en edad escolar\u2014 necesita casi $ 51.000 para no ser considerada pobre y unos $ 22.000 para no ser indigente.<\/p>\n<p>A nivel interanual, la Canasta B\u00e1sica Total trep\u00f3 un 39,8 %, mientras que la Canasta B\u00e1sica Alimentaria subi\u00f3 un 43,4 %.<\/p>\n<p>Vale destacar que la l\u00ednea de pobreza se define a partir de la Canasta B\u00e1sica Total (CBT) y la de indigencia, por la Canasta B\u00e1sica Alimentaria (CBA).<\/p>\n<p>\u00abDurante octubre, nuevamente el aumento en alimentos estuvo traccionado por verduras, frutas y algunas bebidas (infusiones y bebidas alcoh\u00f3licas). La variaci\u00f3n observada responde en parte a la renovaci\u00f3n por 30 d\u00edas del esquema de precios cuidados. En dicha actualizaci\u00f3n se permitieron incrementos de hasta 6 % en muchos de los productos comprendidos en el programa\u00bb, indicaron desde CREEBBA.<\/p>\n<p>Y agregaron: \u00abPor el lado de los bienes no alimentarios la variaci\u00f3n estuvo explicada principalmente por incrementos en electrodom\u00e9sticos, calzado y ropa exterior para hombre y \u00fatiles escolares, por citar los m\u00e1s relevantes\u00bb.<\/p>\n<p>Vale recordar que octubre cerr\u00f3 con la mayor inflaci\u00f3n del a\u00f1o en Bah\u00eda Blanca, seg\u00fan el informe difundido d\u00edas atr\u00e1s por CREEBBA.<\/p>\n<h6>Fuente: La Nueva<\/h6>\n<p>&nbsp;<\/p>\n","protected":false},"excerpt":{"rendered":"<p>Ese monto corresponde a una familia tipo, conformada por dos adultos y dos chicos en edad escolar.<\/p>\n<p>\u00a0<\/p>\n","protected":false},"author":2,"featured_media":109194,"comment_status":"closed","ping_status":"closed","sticky":false,"template":"","format":"standard","meta":{"footnotes":""},"categories":[5],"tags":[12],"class_list":["post-109193","post","type-post","status-publish","format-standard","has-post-thumbnail","hentry","category-informe-economico","tag-buenos-aires"],"_links":{"self":[{"href":"http:\/\/argentinamunicipal.com.ar\/argentina\/wp-json\/wp\/v2\/posts\/109193","targetHints":{"allow":["GET"]}}],"collection":[{"href":"http:\/\/argentinamunicipal.com.ar\/argentina\/wp-json\/wp\/v2\/posts"}],"about":[{"href":"http:\/\/argentinamunicipal.com.ar\/argentina\/wp-json\/wp\/v2\/types\/post"}],"author":[{"embeddable":true,"href":"http:\/\/argentinamunicipal.com.ar\/argentina\/wp-json\/wp\/v2\/users\/2"}],"replies":[{"embeddable":true,"href":"http:\/\/argentinamunicipal.com.ar\/argentina\/wp-json\/wp\/v2\/comments?post=109193"}],"version-history":[{"count":0,"href":"http:\/\/argentinamunicipal.com.ar\/argentina\/wp-json\/wp\/v2\/posts\/109193\/revisions"}],"wp:featuredmedia":[{"embeddable":true,"href":"http:\/\/argentinamunicipal.com.ar\/argentina\/wp-json\/wp\/v2\/media\/109194"}],"wp:attachment":[{"href":"http:\/\/argentinamunicipal.com.ar\/argentina\/wp-json\/wp\/v2\/media?parent=109193"}],"wp:term":[{"taxonomy":"category","embeddable":true,"href":"http:\/\/argentinamunicipal.com.ar\/argentina\/wp-json\/wp\/v2\/categories?post=109193"},{"taxonomy":"post_tag","embeddable":true,"href":"http:\/\/argentinamunicipal.com.ar\/argentina\/wp-json\/wp\/v2\/tags?post=109193"}],"curies":[{"name":"wp","href":"https:\/\/api.w.org\/{rel}","templated":true}]}}