{"id":109272,"date":"2020-11-16T05:19:45","date_gmt":"2020-11-16T08:19:45","guid":{"rendered":"http:\/\/argentinamunicipal.com.ar\/argentina\/?p=109272"},"modified":"2020-11-16T07:21:58","modified_gmt":"2020-11-16T10:21:58","slug":"no-hubo-consenso-en-el-congreso-y-peru-sigue-sin-presidente","status":"publish","type":"post","link":"http:\/\/argentinamunicipal.com.ar\/argentina\/no-hubo-consenso-en-el-congreso-y-peru-sigue-sin-presidente\/","title":{"rendered":"No hubo consenso en el Congreso y Per\u00fa sigue sin presidente"},"content":{"rendered":"<p>Roc\u00edo Silva Santisteban, candidata del Frente Amplio izquierdista, no logr\u00f3 conseguir los votos necesarios y el poder sigue ac\u00e9falo luego de la renuncia de Manuel Merino.<\/p>\n<p>Per\u00fa\u00a0sigue en situaci\u00f3n de acefal\u00eda\u00a0luego de que el presidente\u00a0Manuel Merino\u00a0renunciara cinco d\u00edas despu\u00e9s de haber asumido\u00a0y de que el Congreso\u00a0no reuniera la mayor\u00eda necesaria para aprobar la \u00fanica lista de candidatos a dirigirlo, de la que debe surgir el pr\u00f3ximo jefe del Ejecutivo.\u00a0Este lunes por la tarde retomar\u00e1n las sesiones.<\/p>\n<p>El pleno del parlamento vot\u00f3, sin poder definir, la designaci\u00f3n de su nueva junta directiva, despu\u00e9s de que Luis Valdez -quien hab\u00eda quedado a cargo tras la promoci\u00f3n de Merino al Ejecutivo en lugar del destituido mandatario Mart\u00edn Vizcarra el lunes pasado- dimitiera tambi\u00e9n este domingo.<\/p>\n<p>Pese a las especulaciones previas se present\u00f3 una sola lista, integrada por mayor\u00eda de legisladores que votaron contra la remoci\u00f3n de Vizcarra y encabezada por la hasta ahora jefa de la bancada del\u00a0Frente Amplio (FA) izquierdista, Roc\u00edo Silva Santisteban, quien de ese modo quedaba\u00a0a punto de convertirse en la primera presidencia de la rep\u00fablica en la historia peruana.<\/p>\n<p>Pero esa lista, que necesitaba 60 votos para consagrarse -votaron 119 de los 130 legisladores totales-, obtuvo\u00a0apenas 42 adhesiones, mientras 52 congresistas la rechazaron y 25 se abstuvieron,\u00a0tras lo cual se dispuso un \u201cbreve\u201d cuarto intermedio y se llam\u00f3 a una reuni\u00f3n a los jefes de bancadas.<\/p>\n<p>Merino anunci\u00f3 su dimisi\u00f3n poco despu\u00e9s del mediod\u00eda de este domingo, cinco d\u00edas despu\u00e9s de haber asumido, en medio de masivas protestas en su contra y luego de que el Congreso lo exhortara a dejar el cargo bajo la amenaza de destituirlo de todos modos.<\/p>\n<p>\u00abQuiero hacer reconocimiento a todo el pa\u00eds que presento mi renuncia\u00bb, declar\u00f3 Merino en un mensaje al pa\u00eds por televisi\u00f3n, lo que desat\u00f3 una celebraci\u00f3n en las calles de Lima, al d\u00eda siguiente de la violenta represi\u00f3n de unas protestas que dej\u00f3 dos muertos, m\u00e1s de un centenar de heridos y al menos 11 desaparecidos.<\/p>\n<p>El elegido ser\u00e1 el tercer mandatario en menos de una semana,\u00a0en una naci\u00f3n muy golpeada por una crisis pol\u00edtica que caracteriz\u00f3 al actual per\u00edodo quinquenal de gobierno -iniciado el 28 de julio de 2016-, agravada por la pandemia de coronavirus y la consecuente recesi\u00f3n econ\u00f3mica.<\/p>\n<p>Merino dijo que para que no hubiera \u00abvac\u00edo de poder\u00bb,\u00a0los 18 ministros que \u00e9l jurament\u00f3 el jueves seguir\u00edan en sus puestos de manera temporal,\u00a0aunque pr\u00e1cticamente todos hab\u00edan renunciado luego de la represi\u00f3n a los manifestantes.<\/p>\n<p>Las protestas contra la destituci\u00f3n de Vizcarra y su reemplazo por Merino tuvieron el s\u00e1bado las dos primeras v\u00edctimas fatales,\u00a0dos j\u00f3venes de 24 a\u00f1os y al menos uno de ellos en un enfrentamiento con efectivos de la Polic\u00eda Nacional del Per\u00fa (PNP), seg\u00fan la Defensor\u00eda del Pueblo de Lima.<\/p>\n<p>Paralelamente, el Ministerio de Salud inform\u00f3 que al menos 107 personas fueron atendidas por \u00abdistintos tipos de lesiones\u00bb producidas durante las protestas, de las cuales 34 continuaban internadas.<\/p>\n<p>A la vez,\u00a0la Coordinadora Nacional de Derechos Humanos public\u00f3 una lista de 41 ciudadanos no ubicados tras las protestas del s\u00e1bado, de los cuales 30 ya hab\u00edan sido hallados y 11 permanec\u00edan desaparecidos, seg\u00fan reportaron el diario El Comercio y la televisora Panamericana.<\/p>\n<p>La represi\u00f3n de las protestas\u00a0fue cuestionada tambi\u00e9n por la ONU, la Comisi\u00f3n Interamericana de Derechos Humanos (CIDH), Amnist\u00eda Internacional y Human Rights Watch (HRW), entre otras organizaciones.<\/p>\n<p>Al rev\u00e9s de lo que sucedi\u00f3 el lunes pasado, cuando el Congreso removi\u00f3 a Vizcarra y hubo consenso en que Merino deb\u00eda completar el per\u00edodo porque las pr\u00f3ximas elecciones ya est\u00e1n convocadas para el 11 de abril de 2021 -la Constituci\u00f3n establece que si un presidente del parlamento asume el Ejecutivo debe llamar a comicios \u00abde inmediato\u00bb pero no fija un plazo preciso para ello-, no era seguro que quien fuera designado vaya a permanecer en el cargo hasta julio del a\u00f1o que viene.<\/p>\n<p>Eso se debe a que el TC a\u00fan no se pronunci\u00f3 sobre la validez de la destituci\u00f3n de Vizcarra -ten\u00eda previsto hacerlo el mi\u00e9rcoles pr\u00f3ximo y hoy anunci\u00f3 que adelant\u00f3 esa tarea para ma\u00f1ana- y la bancada del Partido Morado propuso que Vizcarra sea repuesto en el cargo.<\/p>\n<p>Per\u00fa vive una in\u00e9dita crisis institucional que en lo que va del presente per\u00edodo de Gobierno se cobr\u00f3 la ca\u00edda de los presidentes\u00a0Pedro Pablo Kuczynski (en marzo de 2018), su sucesor Vizcarra el lunes pasado y Merino,\u00a0y la disoluci\u00f3n de un Congreso (en septiembre de 2019).<\/p>\n<h6>Fuente: Minuto Uno<\/h6>\n","protected":false},"excerpt":{"rendered":"<p>Roc\u00edo Silva Santisteban, candidata del Frente Amplio izquierdista, no logr\u00f3 conseguir los votos necesarios y el poder sigue ac\u00e9falo luego de la renuncia de Manuel Merino.<\/p>\n","protected":false},"author":2,"featured_media":109273,"comment_status":"closed","ping_status":"closed","sticky":false,"template":"","format":"standard","meta":{"footnotes":""},"categories":[22],"tags":[57],"class_list":["post-109272","post","type-post","status-publish","format-standard","has-post-thumbnail","hentry","category-el-mundo","tag-el-mundo"],"_links":{"self":[{"href":"http:\/\/argentinamunicipal.com.ar\/argentina\/wp-json\/wp\/v2\/posts\/109272","targetHints":{"allow":["GET"]}}],"collection":[{"href":"http:\/\/argentinamunicipal.com.ar\/argentina\/wp-json\/wp\/v2\/posts"}],"about":[{"href":"http:\/\/argentinamunicipal.com.ar\/argentina\/wp-json\/wp\/v2\/types\/post"}],"author":[{"embeddable":true,"href":"http:\/\/argentinamunicipal.com.ar\/argentina\/wp-json\/wp\/v2\/users\/2"}],"replies":[{"embeddable":true,"href":"http:\/\/argentinamunicipal.com.ar\/argentina\/wp-json\/wp\/v2\/comments?post=109272"}],"version-history":[{"count":0,"href":"http:\/\/argentinamunicipal.com.ar\/argentina\/wp-json\/wp\/v2\/posts\/109272\/revisions"}],"wp:featuredmedia":[{"embeddable":true,"href":"http:\/\/argentinamunicipal.com.ar\/argentina\/wp-json\/wp\/v2\/media\/109273"}],"wp:attachment":[{"href":"http:\/\/argentinamunicipal.com.ar\/argentina\/wp-json\/wp\/v2\/media?parent=109272"}],"wp:term":[{"taxonomy":"category","embeddable":true,"href":"http:\/\/argentinamunicipal.com.ar\/argentina\/wp-json\/wp\/v2\/categories?post=109272"},{"taxonomy":"post_tag","embeddable":true,"href":"http:\/\/argentinamunicipal.com.ar\/argentina\/wp-json\/wp\/v2\/tags?post=109272"}],"curies":[{"name":"wp","href":"https:\/\/api.w.org\/{rel}","templated":true}]}}