{"id":10933,"date":"2014-07-04T10:37:30","date_gmt":"2014-07-04T13:37:30","guid":{"rendered":"http:\/\/argentinamunicipal.com.ar\/argentina\/?p=10933"},"modified":"2014-07-04T10:37:30","modified_gmt":"2014-07-04T13:37:30","slug":"aseguran-que-quedaron-sin-efecto-los-despidos-de-los-trabajadores-municipales-en-villa-regina","status":"publish","type":"post","link":"http:\/\/argentinamunicipal.com.ar\/argentina\/aseguran-que-quedaron-sin-efecto-los-despidos-de-los-trabajadores-municipales-en-villa-regina\/","title":{"rendered":"Aseguran que quedaron sin efecto los despidos de los trabajadores municipales en Villa Regina"},"content":{"rendered":"<p><a href=\"http:\/\/argentinamunicipal.com.ar\/argentina\/wp-content\/uploads\/2014\/07\/2786.jpg\"><img loading=\"lazy\" decoding=\"async\" class=\"alignright size-full wp-image-10934\" src=\"http:\/\/argentinamunicipal.com.ar\/argentina\/wp-content\/uploads\/2014\/07\/2786.jpg\" alt=\"2786\" width=\"220\" height=\"165\" \/><\/a>ATE inform\u00f3, trav\u00e9s de un comunicado de prensa, que la Secretar\u00eda de Trabajo de la provincia intervino en el grave conflicto desatado entre la Municipalidad de Villa Regina y la Asociaci\u00f3n Trabajadores del Estado dictando la \u201cconciliaci\u00f3n obligatoria\u201d entre las partes.<\/p>\n<p>El gremio explica que \u201cla referida medida produce el efecto jur\u00eddico de retrotraer todo al estado anterior al inicio del conflicto y por lo tanto deja \u200esin efecto todos los despidos que se hab\u00edan producido sin causa y que alcanzaban a medio centenar de trabajadores\u201d.<\/p>\n<p>\u201cLas actuaciones de la \u200eSecretar\u00eda de Trabajo llegaron justo cuando se cumpl\u00edan 5 d\u00edas de ocupaci\u00f3n pac\u00edfica por parte de los trabajadores del edificio municipal, sin que desde el poder ejecutivo local se haya logrado destrabar los reclamos\u201d agregaron.<\/p>\n<p>\u201cVamos a acatar la conciliaci\u00f3n obligatoria, pero no es la soluci\u00f3n definitiva que esperan los trabajadores. Tenemos que lograr que el Intendente entienda que las persecuciones y las amenazas no son el camino para relacionarse con sus trabajadores\u200e\u201d, asegur\u00f3 Rodolfo Aguiar, Secretario General de ATE R\u00edo Negro, y agreg\u00f3: \u201cLo logrado hasta aqu\u00ed en Villa Regina es gracias al coraje y compromiso gremial que tienen todos los trabajadores. Llamamos a todos los estatales de la ciudad a quitar su confianza a aquellos gremios que traicionan sus intereses y a afiliarse a ATE\u201d.<\/p>\n<h6>Fuente: ADN R\u00edo Negro<\/h6>\n","protected":false},"excerpt":{"rendered":"<p>ATE inform\u00f3, trav\u00e9s de un comunicado de prensa, que la Secretar\u00eda de Trabajo de la provincia intervino en el grave conflicto desatado entre la Municipalidad de Villa Regina y la Asociaci\u00f3n Trabajadores del Estado dictando la \u201cconciliaci\u00f3n obligatoria\u201d entre las partes. El gremio explica que \u201cla referida medida produce el efecto jur\u00eddico de retrotraer todo<\/p>\n","protected":false},"author":2,"featured_media":10934,"comment_status":"closed","ping_status":"closed","sticky":false,"template":"","format":"standard","meta":{"footnotes":""},"categories":[7],"tags":[11],"class_list":["post-10933","post","type-post","status-publish","format-standard","has-post-thumbnail","hentry","category-informe-sindical","tag-rio-negro"],"_links":{"self":[{"href":"http:\/\/argentinamunicipal.com.ar\/argentina\/wp-json\/wp\/v2\/posts\/10933","targetHints":{"allow":["GET"]}}],"collection":[{"href":"http:\/\/argentinamunicipal.com.ar\/argentina\/wp-json\/wp\/v2\/posts"}],"about":[{"href":"http:\/\/argentinamunicipal.com.ar\/argentina\/wp-json\/wp\/v2\/types\/post"}],"author":[{"embeddable":true,"href":"http:\/\/argentinamunicipal.com.ar\/argentina\/wp-json\/wp\/v2\/users\/2"}],"replies":[{"embeddable":true,"href":"http:\/\/argentinamunicipal.com.ar\/argentina\/wp-json\/wp\/v2\/comments?post=10933"}],"version-history":[{"count":0,"href":"http:\/\/argentinamunicipal.com.ar\/argentina\/wp-json\/wp\/v2\/posts\/10933\/revisions"}],"wp:featuredmedia":[{"embeddable":true,"href":"http:\/\/argentinamunicipal.com.ar\/argentina\/wp-json\/wp\/v2\/media\/10934"}],"wp:attachment":[{"href":"http:\/\/argentinamunicipal.com.ar\/argentina\/wp-json\/wp\/v2\/media?parent=10933"}],"wp:term":[{"taxonomy":"category","embeddable":true,"href":"http:\/\/argentinamunicipal.com.ar\/argentina\/wp-json\/wp\/v2\/categories?post=10933"},{"taxonomy":"post_tag","embeddable":true,"href":"http:\/\/argentinamunicipal.com.ar\/argentina\/wp-json\/wp\/v2\/tags?post=10933"}],"curies":[{"name":"wp","href":"https:\/\/api.w.org\/{rel}","templated":true}]}}