{"id":109377,"date":"2020-11-18T05:13:42","date_gmt":"2020-11-18T08:13:42","guid":{"rendered":"http:\/\/argentinamunicipal.com.ar\/argentina\/?p=109377"},"modified":"2020-11-17T19:18:28","modified_gmt":"2020-11-17T22:18:28","slug":"crisis-en-la-ue-hungria-y-polonia-bloquean-presupuesto-y-el-plan-pospandemia","status":"publish","type":"post","link":"http:\/\/argentinamunicipal.com.ar\/argentina\/crisis-en-la-ue-hungria-y-polonia-bloquean-presupuesto-y-el-plan-pospandemia\/","title":{"rendered":"Crisis en la UE: Hungr\u00eda y Polonia bloquean presupuesto y el plan pospandemia"},"content":{"rendered":"<p>Budapest y Varsovia se oponen a la vinculaci\u00f3n que condiciona el acceso a los fondos de la UE respeto del estado de derecho y la calidad democr\u00e1tica.<\/p>\n<p>Hungr\u00eda y Polonia bloquearon este lunes la aprobaci\u00f3n del presupuesto plurianual de la Uni\u00f3n Europea (UE) y un paquete complementario de respuesta pospandemia, en una decisi\u00f3n que deja al bloque comunitario sumergido en una crisis pol\u00edtica.<\/p>\n<p>En este contexo, las discusiones por el enorme presupuesto europeo para el per\u00edodo 2021-2027, por algo m\u00e1s de un bill\u00f3n de euros, y el enorme plan de recuperaci\u00f3n pospandemia, de 750.000 millones de euros (unos 880.000 millones de d\u00f3lares), quedan sumergidas en la incertidumbre.<\/p>\n<p>Budapest y Varsovia se oponen a la vinculaci\u00f3n que condiciona el acceso a los fondos de la UE respeto del estado de derecho y la calidad democr\u00e1tica, por lo que sus enviados vetaron cualquier decisi\u00f3n.<\/p>\n<p>\u00abHungr\u00eda ha vetado el presupuesto&#8217;, confirm\u00f3 en Budapest Zoltan Kovacs, portavoz del primer ministro Viktor Orban, a la agencia de noticias AFP y agreg\u00f3:\u00a0\u00abNo podemos apoyar el plan en su forma actual para vincular los criterios del estado de derecho a las decisiones presupuestarias\u00bb.<\/p>\n<p>El embajador alem\u00e1n, Michael Clauss, quien presidi\u00f3 la reuni\u00f3n, lament\u00f3 que \u00abya hemos perdido demasiado tiempo en vista de la segunda oleada de la pandemia y el impacto econ\u00f3mico\u00bb. \u00abEs crucial que el paquete sea ahora adoptado r\u00e1pidamente, o de lo contrario Europa tendr\u00e1 que enfrentar una crisis muy seria\u00bb, agreg\u00f3.<\/p>\n<p>Alemania, que ocupa la presidencia rotativa de la UE, se hab\u00eda empe\u00f1ado en resolver la interminable batalla por la cuesti\u00f3n del presupuesto antes del fin de a\u00f1o.<\/p>\n<p>Ante esta situaci\u00f3n, se agend\u00f3 otra videoconferencia entre los pa\u00edses miembros para discutir una salida al estancamiento.<\/p>\n<p>El veto de h\u00fangaros y polacos desat\u00f3 reacciones encendidas.<\/p>\n<p>El legislador alem\u00e1n Manfred Weber, l\u00edder del bloque de centroderecha en el Parlamento europeo, lament\u00f3 la decisi\u00f3n. \u00abNegar al conjunto de Europa acceso a fondos para superar la peor crisis en d\u00e9cadas, es una irresponsabilidad\u00bb, se\u00f1al\u00f3..<\/p>\n<p>Los l\u00edderes de la UE cre\u00edan haber resuelto la disputa sobre el presupuesto de siete a\u00f1os para el bloque comunitario y el plan de est\u00edmulo asociado, durante una agotadora cumbre marat\u00f3n cuatro d\u00edas en julio.<\/p>\n<p>Desde entonces, el presupuesto de un bill\u00f3n de euros y el paquete de est\u00edmulo de 750.000 millones estaban listos para su aprobaci\u00f3n. Pero Polonia y Hungr\u00eda se mantuvieron inflexibles en la negativa a vincular su financiaci\u00f3n futura al juicio de Bruselas sobre si sus gastos se ajustan a la legislaci\u00f3n de la UE.<\/p>\n<p>Diplom\u00e1ticos europeos de alto nivel dijeron que no hab\u00eda posibilidad de que los otros pa\u00edses aceptaran flexibilizar la vinculaci\u00f3n al estado de derecho.<\/p>\n<p>\u00abVeremos si Budapest y Varsovia est\u00e1n buscando garant\u00edas y si son aceptables&#8217;, dijo un diplom\u00e1tico, quien advirti\u00f3 sobre los riesgos de una \u00abgrave crisis pol\u00edtica\u00bb.<\/p>\n<p>El Parlamento Europeo reaccion\u00f3 con energ\u00eda contra los recortes a algunos de sus programas favoritos, pero acept\u00f3 un nuevo acuerdo la semana pasada que suma 16.000 millones de euros (unos 19.000 millones de d\u00f3lares).<\/p>\n<p>Hoy hab\u00eda sido convocada una reuni\u00f3n de embajadores en Bruselas para aprobar todo el paquete y tambi\u00e9n discutir los planes para permitir que la UE emita deuda conjunta y recaude sus propios fondos.<\/p>\n<p>Los l\u00edderes de la UE tienen en agenda para el pr\u00f3ximo jueves una cumbre por videoconferencia, originalmente convocada para discutir la crisis del coronavirus, pero ahora tendr\u00e1n que hallar una salida al estancamiento presupuestario.<\/p>\n<h6>Fuente: Telam<\/h6>\n","protected":false},"excerpt":{"rendered":"<p>Budapest y Varsovia se oponen a la vinculaci\u00f3n que condiciona el acceso a los fondos de la UE respeto del estado de derecho y la calidad democr\u00e1tica.<\/p>\n","protected":false},"author":2,"featured_media":109378,"comment_status":"closed","ping_status":"closed","sticky":false,"template":"","format":"standard","meta":{"footnotes":""},"categories":[22],"tags":[57],"class_list":["post-109377","post","type-post","status-publish","format-standard","has-post-thumbnail","hentry","category-el-mundo","tag-el-mundo"],"_links":{"self":[{"href":"http:\/\/argentinamunicipal.com.ar\/argentina\/wp-json\/wp\/v2\/posts\/109377","targetHints":{"allow":["GET"]}}],"collection":[{"href":"http:\/\/argentinamunicipal.com.ar\/argentina\/wp-json\/wp\/v2\/posts"}],"about":[{"href":"http:\/\/argentinamunicipal.com.ar\/argentina\/wp-json\/wp\/v2\/types\/post"}],"author":[{"embeddable":true,"href":"http:\/\/argentinamunicipal.com.ar\/argentina\/wp-json\/wp\/v2\/users\/2"}],"replies":[{"embeddable":true,"href":"http:\/\/argentinamunicipal.com.ar\/argentina\/wp-json\/wp\/v2\/comments?post=109377"}],"version-history":[{"count":0,"href":"http:\/\/argentinamunicipal.com.ar\/argentina\/wp-json\/wp\/v2\/posts\/109377\/revisions"}],"wp:featuredmedia":[{"embeddable":true,"href":"http:\/\/argentinamunicipal.com.ar\/argentina\/wp-json\/wp\/v2\/media\/109378"}],"wp:attachment":[{"href":"http:\/\/argentinamunicipal.com.ar\/argentina\/wp-json\/wp\/v2\/media?parent=109377"}],"wp:term":[{"taxonomy":"category","embeddable":true,"href":"http:\/\/argentinamunicipal.com.ar\/argentina\/wp-json\/wp\/v2\/categories?post=109377"},{"taxonomy":"post_tag","embeddable":true,"href":"http:\/\/argentinamunicipal.com.ar\/argentina\/wp-json\/wp\/v2\/tags?post=109377"}],"curies":[{"name":"wp","href":"https:\/\/api.w.org\/{rel}","templated":true}]}}