{"id":109447,"date":"2020-11-19T04:30:38","date_gmt":"2020-11-19T07:30:38","guid":{"rendered":"http:\/\/argentinamunicipal.com.ar\/argentina\/?p=109447"},"modified":"2020-11-18T19:32:28","modified_gmt":"2020-11-18T22:32:28","slug":"proyectos-para-conservar-el-patrimonio-natural-de-santa-fe","status":"publish","type":"post","link":"http:\/\/argentinamunicipal.com.ar\/argentina\/proyectos-para-conservar-el-patrimonio-natural-de-santa-fe\/","title":{"rendered":"Proyectos para conservar el patrimonio natural de Santa Fe"},"content":{"rendered":"<p>Es a partir de una iniciativa de la UNL, Fundaci\u00f3n H\u00e1bitat y Desarrollo, Sancor Seguros y el Ministerio de Medio Ambiente de Santa Fe.<\/p>\n<p>Con el objetivo de financiar proyectos para la conservaci\u00f3n del patrimonio natural de la provincia de Santa Fe, la Universidad Nacional del Litoral (UNL) junto con Sancor Seguros, la Fundaci\u00f3n H\u00e1bitat y Desarrollo y el Ministerio de Medio Ambiente y Cambio Clim\u00e1tico de la provincia de Santa Fe conformaron un fondo econ\u00f3mico especial de 405 mil pesos. Tras evaluar 14 proyectos presentados, las instituciones seleccionaron a cuatro para brindarles apoyo.<\/p>\n<p>De este modo, en un acto virtual que se concret\u00f3 este martes 17 por la tarde, se oficializaron cu\u00e1les son las cuatro iniciativas beneficiadas. Por un lado, \u201cPuesto \u2018El Mes\u00edas\u2019 recibi\u00f3 102 mil pesos para trabajar en un predio con potencial incorporaci\u00f3n al sistema provincial de \u00e1reas protegidas y de relevancia para la divulgaci\u00f3n y conservaci\u00f3n de la naturaleza en un contexto regional.<\/p>\n<p>Por otro,\u00a0el proyecto de puesta en valor de la biodiversidad de la Reserva de Usos M\u00faltiples \u201cDo\u00f1a Sof\u00eda\u201d como aula interpretativa dentro de los humedales, que recibi\u00f3 150 mil pesos.\u00a0Luego, una iniciativa vinculada a la diversidad y conservaci\u00f3n de murci\u00e9lagos en Jaaukanig\u00e1s -humedal y sitio Ramsar ubicado sobre el r\u00edo Paran\u00e1 en el Departamento General Obligado- que recibi\u00f3 100 mil pesos.<\/p>\n<p>Finalmente,\u00a0un trabajo vinculado a las aves como indicadores del estado de conservaci\u00f3n de los bosques del Chaco H\u00famedo santafesino al que se le asign\u00f3 un monto de 53 mil pesos.<\/p>\n<p>Compromiso con el ambiente<\/p>\n<p>La oficializaci\u00f3n de los proyectos seleccionados y los montos asignados se concret\u00f3 en un acto virtual desarrollado este mi\u00e9rcoles por la tarde. Cont\u00f3 con la presencia de representantes de todas las iniciativas elegidas y fue encabezado por el rector de la UNL, Enrique Mammarella; la ministra de Ambiente y Cambio Clim\u00e1tico de la provincia de Santa Fe, Erika Gonnet; el presidente de Prevenci\u00f3n ART Grupo Sancor Seguros, Ulises Mendoza; y el vicepresidente de la Fundaci\u00f3n H\u00e1bitat y Desarrollo, Pablo Tabares.<\/p>\n<p>\u201cDesde la educaci\u00f3n y desde la generaci\u00f3n del conocimiento es que tenemos que resolver los grandes problemas de la sociedad, como es el caso del ambiente\u201d, asegur\u00f3 el rector Mammarella para luego complementar: \u201cLa UNL ratifica su compromiso en pos de continuar trabajando intensamente en este sentido, generando y apoyando proyectos de calidad. Es necesario que el conocimiento est\u00e9 al servicio de la ciudadan\u00eda, para colaborar en la definici\u00f3n de pol\u00edticas p\u00fablicas de calidad\u201d. Finalmente, concluy\u00f3: \u201cEl crecimiento de la conciencia ambiental vendr\u00e1 de la mano de la educaci\u00f3n y el conocimiento\u201d.<\/p>\n<p>Por su parte, Gonnet remarc\u00f3 que \u201ciniciativas de esta naturaleza son las que debemos fortalecer, por eso es que ratificamos el compromiso de la Provincia para continuar trabajando en conjunto y fomentando estos proyectos\u201d.<\/p>\n<p>Al tomar la palabra, Tabares subray\u00f3\u00a0\u201cel valor de esta convocatoria como una herramienta espec\u00edfica de apoyo para proyectos de esta naturaleza\u201d\u00a0al tiempo que remarc\u00f3 \u201cla importancia de la articulaci\u00f3n entre los sectores p\u00fablico y privado\u201d.<br \/>\nFinalmente, Mendoza agradeci\u00f3 la invitaci\u00f3n a participar de esta iniciativa y ratific\u00f3 el compromiso de Sancor para continuar trabajando en este sentido y de manera articulada\u201d.<\/p>\n<p>Cabe se\u00f1alar que tambi\u00e9n estuvieron presentes la secretaria de Ciencia, Arte y Tecnolog\u00eda de la UNL, Ana Canal; el secretario de Pol\u00edticas Ambientales, Oreste Blangini; la responsable de la Reserva Natural Urbana de la UNL, Alba Imhof; Gustavo Aparicio de Fundaci\u00f3n H\u00e1bitat; y Armando Giudice por Sancor Seguros.<br \/>\nJurado y fondos<\/p>\n<p>La evaluaci\u00f3n y selecci\u00f3n de los proyectos presentados en el marco de la segunda convocatoria del Fondo para la Conservaci\u00f3n del Patrimonio Natural de la Provincia de Santa Fe estuvo a cargo de un jurado integrado por Alba Imhof y Andrea Racca, por la Secretar\u00eda de Ciencia, Arte y Tecnolog\u00eda de la UNL; Cristian Walker y Pablo Tabares, por la Fundaci\u00f3n H\u00e1bitat y Desarrollo; y Oreste Blanglini por Ministerio de Ambiente y Cambio Clim\u00e1tico de la Provincia de Santa Fe.<\/p>\n<p>Cabe se\u00f1alar que el Fondo de esta convocatoria fue de 405 mil pesos que fueron aportados por la Universidad Nacional del Litoral, la Fundaci\u00f3n H\u00e1bitat y Desarrollo -en virtud del Decreto Provincial N\u00ba 3132\/19 del Ministerio de Medio Ambiente-, y Sancor Seguros.<\/p>\n<h6>Fuente: Sin Mordaza<\/h6>\n","protected":false},"excerpt":{"rendered":"<p>Es a partir de una iniciativa de la UNL, Fundaci\u00f3n H\u00e1bitat y Desarrollo, Sancor Seguros y el Ministerio de Medio Ambiente de Santa Fe.<\/p>\n","protected":false},"author":2,"featured_media":109448,"comment_status":"closed","ping_status":"closed","sticky":false,"template":"","format":"standard","meta":{"footnotes":""},"categories":[2],"tags":[10],"class_list":["post-109447","post","type-post","status-publish","format-standard","has-post-thumbnail","hentry","category-informe-municipal","tag-santa-fe"],"_links":{"self":[{"href":"http:\/\/argentinamunicipal.com.ar\/argentina\/wp-json\/wp\/v2\/posts\/109447","targetHints":{"allow":["GET"]}}],"collection":[{"href":"http:\/\/argentinamunicipal.com.ar\/argentina\/wp-json\/wp\/v2\/posts"}],"about":[{"href":"http:\/\/argentinamunicipal.com.ar\/argentina\/wp-json\/wp\/v2\/types\/post"}],"author":[{"embeddable":true,"href":"http:\/\/argentinamunicipal.com.ar\/argentina\/wp-json\/wp\/v2\/users\/2"}],"replies":[{"embeddable":true,"href":"http:\/\/argentinamunicipal.com.ar\/argentina\/wp-json\/wp\/v2\/comments?post=109447"}],"version-history":[{"count":0,"href":"http:\/\/argentinamunicipal.com.ar\/argentina\/wp-json\/wp\/v2\/posts\/109447\/revisions"}],"wp:featuredmedia":[{"embeddable":true,"href":"http:\/\/argentinamunicipal.com.ar\/argentina\/wp-json\/wp\/v2\/media\/109448"}],"wp:attachment":[{"href":"http:\/\/argentinamunicipal.com.ar\/argentina\/wp-json\/wp\/v2\/media?parent=109447"}],"wp:term":[{"taxonomy":"category","embeddable":true,"href":"http:\/\/argentinamunicipal.com.ar\/argentina\/wp-json\/wp\/v2\/categories?post=109447"},{"taxonomy":"post_tag","embeddable":true,"href":"http:\/\/argentinamunicipal.com.ar\/argentina\/wp-json\/wp\/v2\/tags?post=109447"}],"curies":[{"name":"wp","href":"https:\/\/api.w.org\/{rel}","templated":true}]}}