{"id":109526,"date":"2020-11-20T07:57:47","date_gmt":"2020-11-20T10:57:47","guid":{"rendered":"http:\/\/argentinamunicipal.com.ar\/argentina\/?p=109526"},"modified":"2020-11-20T07:57:47","modified_gmt":"2020-11-20T10:57:47","slug":"hoy-se-recuerda-el-dia-de-la-soberania-nacional","status":"publish","type":"post","link":"http:\/\/argentinamunicipal.com.ar\/argentina\/hoy-se-recuerda-el-dia-de-la-soberania-nacional\/","title":{"rendered":"Hoy se recuerda el D\u00eda de la Soberan\u00eda Nacional"},"content":{"rendered":"<p>Este 20 de noviembre se conmemora el aniversario de la batalla de la Vuelta de Obligado, que qued\u00f3 como ejemplo de valent\u00eda y sacrificio de los argentinos ante un enemigo muy poderoso. Los pormenores de una historia absolutamente \u00e9pica.<\/p>\n<p>El lunes 23 de noviembre ser\u00e1 feriado en todo el p\u00edas. Es que se celebra el D\u00eda de la Soberan\u00eda Nacional, en honor a la batalla de la Vuelta de Obligado del 1845, en la que qued\u00f3 como ejemplo la valent\u00eda y el sacrificio de los argentinos ante un enemigo muy poderoso y que lo superaba ampliamente en cantidad como el ej\u00e9rcito anglo-franc\u00e9s.<\/p>\n<p>La hist\u00f3rica batalla marca un hito en la historia Argentina. Fue representada en cientos de im\u00e1genes de todo tipo, tiene su propio monumento, e incluso est\u00e1 representada en los ahora viejos billetes de 20 pesos, que llevan el retrato del brigadier Juan Manuel Rosas de un lado, y en el otro una imagen de la contienda.<\/p>\n<p>Adem\u00e1s, este acontecimiento hist\u00f3rico tiene la particularidad: si bien tuvo lugar hace 175 a\u00f1os hoy hay un dato que la har\u00eda tangible. Es que hace apenas un pu\u00f1ado de meses un pescador descubri\u00f3 restos de cadenas que podr\u00edan haberse usado en esa batalla.<br \/>\nLa fecha de la conmemoraci\u00f3n del D\u00eda de la Soberan\u00eda Nacional es en realidad el 20 de noviembre, pero como es uno de los feriados transferibles se lo corri\u00f3 al pr\u00f3ximo lunes, para conformar un fin de semana largo.<\/p>\n<p>El D\u00eda de la Soberan\u00eda Nacional se celebra anualmente para recordar y poner en valor el enfrentamiento de 1845, cuando la Confederaci\u00f3n Argentina se encontraba gobernada por Juan Manuel de Rosas, quien al mismo tiempo ejerc\u00eda como gobernador de la provincia de Buenos Aires.<\/p>\n<p>La batalla se produjo en aguas del r\u00edo Paran\u00e1, sobre su margen derecha en un recodo donde el cauce se angosta y gira, conocido como Vuelta de Obligado, en lo que hoy es la localidad de Obligado del partido bonaerense de San Pedro. Enfrent\u00f3 a la Provincia de Buenos Aires, liderada por Rosas, y a la escuadra anglo-francesa, cuya intervenci\u00f3n se realiz\u00f3 bajo el pretexto de lograr la pacificaci\u00f3n ante los problemas existentes entre Buenos Aires y Montevideo.<\/p>\n<p>Los europeos pretend\u00edan establecer relaciones comerciales directas entre Gran Breta\u00f1a y Francia con las provincias de Santa Fe, Entre R\u00edos y Corrientes, sin pasar por Buenos Aires ni reconocer la autoridad de Rosas como encargado de las relaciones exteriores de la Confederaci\u00f3n.<\/p>\n<p><strong>\u00bfC\u00f3mo fue la Batalla de la Vuelta de Obligado?<\/strong><br \/>\nLa esquina de la Vuelta de Obligado era el sitio perfecto para la defensa argentina. Tanto por las altas barrancas como la curva pronunciada que exig\u00eda a lo barcos a recostarse para poder pasar. En esta parte el ancho del r\u00edo es de solo 700 metros y la navegaci\u00f3n se torna dif\u00edcil. Rosas era consciente de esta estrat\u00e9gica geograf\u00eda y decidi\u00f3 colocar la principal defensa en este lugar.<\/p>\n<p>El general Lucio Mansilla dispuso tres cadenas met\u00e1licas gruesas que suspend\u00edan sobre 24 botes y que iban de costa a costa. El objetivo era evitar el avance de la flota enemiga.<\/p>\n<p>Sobre el costado derecho del Paran\u00e1 se hab\u00eda apostado cuatro bater\u00edas que pose\u00edan 30 ca\u00f1ones con una divisi\u00f3n de unos 160 soldados encargados de manipularlos. En las trincheras se encontraban dos mil hombres, adem\u00e1s del \u00fanico buque de guerra que custodiaba las cadenas que estaban a trav\u00e9s del r\u00edo.<\/p>\n<p>El inicio del combate se dio al amanecer, con la detonaci\u00f3n intensa de ca\u00f1ones sobre las bater\u00edas argentinas, que conten\u00edan piezas de calibre menor y carga m\u00e1s lenta, que desde el inicio de la batalla sufrieron numerosas bajas.<\/p>\n<p>Los botes que sosten\u00edan las cadenas fueron quemados y el \u00fanico buque de guerra fue volado por su propio comandante cuando se vio incapaz de resguardarlo por m\u00e1s tiempo.<\/p>\n<p>Como consecuencia de la batalla la Confederaci\u00f3n Argentina sufri\u00f3 250 muertos, 400 heridos y un total de 21 ca\u00f1ones tomados por la fuerza europea.<\/p>\n<p>Los europeos sufrieron la muerte de 26 de sus combatientes, 86 heridos y su flota sufri\u00f3 da\u00f1os tales que se vieron obligados a dejarla varada en Obligado por unos 40 d\u00edas, haci\u00e9ndoles reparaciones de emergencia.<\/p>\n<p>Los anglo-franceses forzaron el paso y continuaron hacia el norte, por lo que se atribuyeron la victoria. Pero result\u00f3 p\u00edrrica, ya que los escasos buques anglo-franceses que quedaron con capacidad de navegar, fueron nuevamente atacados en el Paso del Tonelero y Angostura del Quebracho.<\/p>\n<p>Qued\u00f3 claro que era imposible navegar los r\u00edos interiores sin tener autorizaci\u00f3n de la Confederaci\u00f3n Argentina.<\/p>\n<p><strong>\u00bfCu\u00e1l fue la consecuencia de la batalla?<\/strong><br \/>\nEl gobierno argentino oblig\u00f3 a los extranjeros a reconocer la soberan\u00eda argentina sobre los r\u00edos del interior. El Tratado Arana-Southern en 1847 fue el fin del conflicto con Gran Breta\u00f1a, que retira sus tropas en marzo de aquel a\u00f1o. En el caso de Francia, un a\u00f1o despu\u00e9s se firm\u00f3 el Tratado Arana-Lepredour.<\/p>\n<p>Ambos tratados asum\u00edan que la navegaci\u00f3n del r\u00edo Paran\u00e1 era un camino interno que pertenec\u00eda a la Confederaci\u00f3n Argentina. Este tramo estaba sujeto \u00fanicamente a las leyes argentinas, al igual que el r\u00edo Uruguay, compartido con el Estado Oriental.<\/p>\n<p>La conmemoraci\u00f3n del D\u00eda de la Soberan\u00eda Nacional fue propuesta, junto con la repatriaci\u00f3n de los restos de Rosas, por el historiador Jos\u00e9 Mar\u00eda Rosa en 1974 y aprobada por el Congreso de la Naci\u00f3n el mismo a\u00f1o.<\/p>\n<p>A\u00f1os m\u00e1s tarde, el 3 de noviembre de 2010, a\u00f1o del Bicentenario de Argentina, fue promovida a feriado nacional mediante un Decreto de Necesidad y Urgencia (DNU) por la entonces presidente Cristina Fern\u00e1ndez de Kirchner.<\/p>\n<p>En el a\u00f1o 2015, fue trasladado al viernes 27 de noviembre; ya que originalmente era el lunes 23, pero para que el fin de semana largo que lo inclu\u00eda no interfiriera en el balotaje, se resolvi\u00f3 moverlo. Desde entonces pertenece al grupo de los feriados trasladables en Argentina.?<\/p>\n<p><strong>Los restos de una cadena de la Batalla<\/strong><br \/>\nA mediados del pasado mes de agosto un pescador descubri\u00f3 restos de cadenas que podr\u00edan haberse usado en 1845 durante la batalla contra la armada anglo francesa. El hallazgo tuvo lugar a 50 metros del sitio donde se encontraba el mogote original que sujet\u00f3 las cadenas durante la batalla. Especialistas de la Universidad de Luj\u00e1n estudian el hallazgo, que qued\u00f3 expuesto por la bajante del r\u00edo Paran\u00e1.<br \/>\nSe trata del \u00abprimer hallazgo in situ\u00bb de este tipo de restos, seg\u00fan el arque\u00f3logo Mariano Ramos, a cargo de las investigaciones. De m\u00e1s de un metro de longitud, \u00abes el segmento de cadena m\u00e1s largo encontrado\u00bb, explic\u00f3.<\/p>\n<p>\u00abEst\u00e1 en el lugar indicado, semienterrado en el borde del agua y a 50 metros de la reconstrucci\u00f3n del mogote original, con lo cual no se pierde la referencia contextual\u00bb, agreg\u00f3.<\/p>\n<h6>Fuente: El Once<\/h6>\n","protected":false},"excerpt":{"rendered":"<p>Este 20 de noviembre se conmemora el aniversario de la batalla de la Vuelta de Obligado, que qued\u00f3 como ejemplo de valent\u00eda y sacrificio de los argentinos ante un enemigo muy poderoso. Los pormenores de una historia absolutamente \u00e9pica.<\/p>\n","protected":false},"author":2,"featured_media":109527,"comment_status":"closed","ping_status":"closed","sticky":false,"template":"","format":"standard","meta":{"footnotes":""},"categories":[47],"tags":[21],"class_list":["post-109526","post","type-post","status-publish","format-standard","has-post-thumbnail","hentry","category-fiestas","tag-argentina"],"_links":{"self":[{"href":"http:\/\/argentinamunicipal.com.ar\/argentina\/wp-json\/wp\/v2\/posts\/109526","targetHints":{"allow":["GET"]}}],"collection":[{"href":"http:\/\/argentinamunicipal.com.ar\/argentina\/wp-json\/wp\/v2\/posts"}],"about":[{"href":"http:\/\/argentinamunicipal.com.ar\/argentina\/wp-json\/wp\/v2\/types\/post"}],"author":[{"embeddable":true,"href":"http:\/\/argentinamunicipal.com.ar\/argentina\/wp-json\/wp\/v2\/users\/2"}],"replies":[{"embeddable":true,"href":"http:\/\/argentinamunicipal.com.ar\/argentina\/wp-json\/wp\/v2\/comments?post=109526"}],"version-history":[{"count":0,"href":"http:\/\/argentinamunicipal.com.ar\/argentina\/wp-json\/wp\/v2\/posts\/109526\/revisions"}],"wp:featuredmedia":[{"embeddable":true,"href":"http:\/\/argentinamunicipal.com.ar\/argentina\/wp-json\/wp\/v2\/media\/109527"}],"wp:attachment":[{"href":"http:\/\/argentinamunicipal.com.ar\/argentina\/wp-json\/wp\/v2\/media?parent=109526"}],"wp:term":[{"taxonomy":"category","embeddable":true,"href":"http:\/\/argentinamunicipal.com.ar\/argentina\/wp-json\/wp\/v2\/categories?post=109526"},{"taxonomy":"post_tag","embeddable":true,"href":"http:\/\/argentinamunicipal.com.ar\/argentina\/wp-json\/wp\/v2\/tags?post=109526"}],"curies":[{"name":"wp","href":"https:\/\/api.w.org\/{rel}","templated":true}]}}