{"id":10964,"date":"2014-07-05T07:00:06","date_gmt":"2014-07-05T10:00:06","guid":{"rendered":"http:\/\/argentinamunicipal.com.ar\/argentina\/?p=10964"},"modified":"2014-07-04T18:53:43","modified_gmt":"2014-07-04T21:53:43","slug":"firman-en-buenos-aires-importantes-obras-para-bariloche","status":"publish","type":"post","link":"http:\/\/argentinamunicipal.com.ar\/argentina\/firman-en-buenos-aires-importantes-obras-para-bariloche\/","title":{"rendered":"Firman en Buenos Aires importantes obras para Bariloche"},"content":{"rendered":"<p><a href=\"http:\/\/argentinamunicipal.com.ar\/argentina\/wp-content\/uploads\/2014\/07\/8090_bariloche.jpg\"><img loading=\"lazy\" decoding=\"async\" class=\"alignleft size-full wp-image-10965\" src=\"http:\/\/argentinamunicipal.com.ar\/argentina\/wp-content\/uploads\/2014\/07\/8090_bariloche.jpg\" alt=\"8090_bariloche\" width=\"600\" height=\"400\" srcset=\"http:\/\/argentinamunicipal.com.ar\/argentina\/wp-content\/uploads\/2014\/07\/8090_bariloche.jpg 600w, http:\/\/argentinamunicipal.com.ar\/argentina\/wp-content\/uploads\/2014\/07\/8090_bariloche-300x200.jpg 300w\" sizes=\"auto, (max-width: 600px) 100vw, 600px\" \/><\/a>La intendente Mar\u00eda Eugenia Martini, viaj\u00f3 a Buenos Aires esta semana, y este viernes firmar\u00e1 importantes convenios para la construcci\u00f3n de obras en Bariloche. El Mercado Comunitario, cada vez m\u00e1s cerca.<\/p>\n<p>En di\u00e1logo con El verspertino de radio Seis, Martini detall\u00f3 que \u00abvamos a estar con el senador Miguel \u00c1ngel Pichetto con obras fundamentales para la ciudad, que son la aprobaci\u00f3n del Promeba, como las cloacas y el gas para El Frutillar, las dos etapas de pluviales para toda la delegaci\u00f3n Sur para que no suframos m\u00e1s inundaciones, el jard\u00edn del barrio Omega y el centro comunitario de El Mait\u00e9n\u00bb.<\/p>\n<p>La intendente precis\u00f3 que son obras que totalizan 120 millones de pesos y agreg\u00f3 al grupo de obras la construcci\u00f3n del Mercado Comunitario. \u00abVamos a estar mandando la licitaci\u00f3n al Concejo Deliberante para su aprobaci\u00f3n en los pr\u00f3ximos d\u00edas\u00bb dijo.<\/p>\n<p>\u00abEl viernes vamos a estar firmando con el ministro de agricultura Carlos Casamiquela y el senador Pichetto este convenio de 7 millones de pesos para construir nuestro Mercado municipal que va a ser construido en la zona de la Circunvalaci\u00f3n y Esandi\u00bb indic\u00f3.<\/p>\n<p>Martini sostuvo que \u00abel Mercado es fundamental para influir en la baja de los precios y sobre todo para que la gente de los barrios pueda acceder a frutas, verduras, carnes, pescados y un mont\u00f3n de productos a precios populares. Estamos muy contentos porque vamos a ratificar este compromiso\u00bb.<\/p>\n<p>Por otra parte, la jefa comunal se refiri\u00f3 al local provisorio que la Municipalidad alquilar\u00e1 hasta finalizar la construcci\u00f3n del Mercado y a la presentaci\u00f3n de documentaci\u00f3n para que el Tribunal de Contralor apruebe ese convenio. \u00abHemos remitido toda la documentaci\u00f3n al Tribunal e inclusive vamos a estar presentando el convenio del viernes. Por supuesto que el alquiler es provisorio, lo que no quer\u00edamos era retrasarlo porque constantemente tenemos camiones de fruta y verdura y queriamos tener el lugar\u00bb finaliz\u00f3.<\/p>\n<h6>Fuente: Bariloche 2000<\/h6>\n","protected":false},"excerpt":{"rendered":"<p>La intendente Mar\u00eda Eugenia Martini, viaj\u00f3 a Buenos Aires esta semana, y este viernes firmar\u00e1 importantes convenios para la construcci\u00f3n de obras en Bariloche. El Mercado Comunitario, cada vez m\u00e1s cerca. En di\u00e1logo con El verspertino de radio Seis, Martini detall\u00f3 que \u00abvamos a estar con el senador Miguel \u00c1ngel Pichetto con obras fundamentales para<\/p>\n","protected":false},"author":2,"featured_media":10965,"comment_status":"closed","ping_status":"closed","sticky":false,"template":"","format":"standard","meta":{"footnotes":""},"categories":[2],"tags":[11],"class_list":["post-10964","post","type-post","status-publish","format-standard","has-post-thumbnail","hentry","category-informe-municipal","tag-rio-negro"],"_links":{"self":[{"href":"http:\/\/argentinamunicipal.com.ar\/argentina\/wp-json\/wp\/v2\/posts\/10964","targetHints":{"allow":["GET"]}}],"collection":[{"href":"http:\/\/argentinamunicipal.com.ar\/argentina\/wp-json\/wp\/v2\/posts"}],"about":[{"href":"http:\/\/argentinamunicipal.com.ar\/argentina\/wp-json\/wp\/v2\/types\/post"}],"author":[{"embeddable":true,"href":"http:\/\/argentinamunicipal.com.ar\/argentina\/wp-json\/wp\/v2\/users\/2"}],"replies":[{"embeddable":true,"href":"http:\/\/argentinamunicipal.com.ar\/argentina\/wp-json\/wp\/v2\/comments?post=10964"}],"version-history":[{"count":0,"href":"http:\/\/argentinamunicipal.com.ar\/argentina\/wp-json\/wp\/v2\/posts\/10964\/revisions"}],"wp:featuredmedia":[{"embeddable":true,"href":"http:\/\/argentinamunicipal.com.ar\/argentina\/wp-json\/wp\/v2\/media\/10965"}],"wp:attachment":[{"href":"http:\/\/argentinamunicipal.com.ar\/argentina\/wp-json\/wp\/v2\/media?parent=10964"}],"wp:term":[{"taxonomy":"category","embeddable":true,"href":"http:\/\/argentinamunicipal.com.ar\/argentina\/wp-json\/wp\/v2\/categories?post=10964"},{"taxonomy":"post_tag","embeddable":true,"href":"http:\/\/argentinamunicipal.com.ar\/argentina\/wp-json\/wp\/v2\/tags?post=10964"}],"curies":[{"name":"wp","href":"https:\/\/api.w.org\/{rel}","templated":true}]}}