{"id":109665,"date":"2020-11-26T06:28:36","date_gmt":"2020-11-26T09:28:36","guid":{"rendered":"http:\/\/argentinamunicipal.com.ar\/argentina\/?p=109665"},"modified":"2020-11-26T06:28:36","modified_gmt":"2020-11-26T09:28:36","slug":"la-economia-de-rosario-sintio-las-restricciones-en-septiembre","status":"publish","type":"post","link":"http:\/\/argentinamunicipal.com.ar\/argentina\/la-economia-de-rosario-sintio-las-restricciones-en-septiembre\/","title":{"rendered":"La econom\u00eda de Rosario sinti\u00f3 las restricciones en septiembre"},"content":{"rendered":"<p>La actividad baj\u00f3 6,4% interanual, en l\u00ednea con la Naci\u00f3n. Pero interrumpi\u00f3 una racha de subas mensuales. Industria y comercio despegan<\/p>\n<p>La actividad econ\u00f3mica de Rosario cay\u00f3 en septiembre 6,4% en relaci\u00f3n al a\u00f1o anterior y 3,2% respecto de agosto. De acuerdo al Indicador Mensual de Facturaci\u00f3n que elabora el Centro de Informaci\u00f3n Econ\u00f3mica de la Municipalidad, la industria consolid\u00f3 su recuperaci\u00f3n, al mostrar un aumento de 1 1,4%, mientras que el comercio mostr\u00f3 la primera suba interanual, del 1,9%. Se mantienen en baja la construcci\u00f3n (-45,1%) y los servicios privados (-21,9%).<br \/>\nLas cifras difundidas por la Secretar\u00eda de Desarrollo Econ\u00f3mico y Empleo de Rosario van en l\u00ednea con los datos que difundi\u00f3 el martes el Instituto Nacional de Estad\u00edstica y Censos (Indec) para todo el pa\u00eds. El organismo nacional de estad\u00edstica inform\u00f3 una ca\u00edda interanual de 6,9% en septiembre, y una retracci\u00f3n acumulada de 11,9% en 2020.<\/p>\n<p>La diferencia es que mientras el Estimador Mensual de Actividad Econ\u00f3mica (Emae) que elabora el Indec mostr\u00f3 un crecimiento de 1,9% entre agosto y septiembre, el la facturaci\u00f3n local exhibi\u00f3 una baja de 3,2% en el mismo per\u00edodo.<\/p>\n<p>Esta ca\u00edda mensual cort\u00f3 una racha de cuatro subas mensuales previas, de 20,64% en mayo, de 13,7% en junio, de 1,19% en julio y de 1,04% en agosto. La curva acompa\u00f1a la temprana apertura de actividades luego de la estricta cuarentena de abril y las moderadas restricciones que se volvieron a poner en el noveno mes del a\u00f1o, frente a la disparada de casos de coronavirus.<\/p>\n<p>As\u00ed, dentro de los servicios privados, el sector de alojamiento y servicios de comida mostr\u00f3 una baja de 68,5% en septiembre. La construcci\u00f3n, aunque achica diferencias, sigui\u00f3 en septiembre con un nivel de facturaci\u00f3n 45,1% inferior al del mismo mes de 2019.<\/p>\n<p>Pese a las restricciones, el sector comercio, que representa el 45% de la facturaci\u00f3n total, experiment\u00f3 por primera vez un aumento interanual: 1,9%. El rubro minorista mantuvo una ca\u00edda interanual de 3,9% pero el mayorista creci\u00f3 5,4%. La venta, mantenimiento y reparaci\u00f3n de veh\u00edculos volvi\u00f3 a trepar, esta vez un 9,7%.<\/p>\n<p>El sector industrial, que representa algo m\u00e1s del 23% de la facturaci\u00f3n total, consolid\u00f3 la recuperaci\u00f3n. En septiembre creci\u00f3 a ritmo de dos d\u00edgitos (11,4%). La metalmec\u00e1nica creci\u00f3 28,5%; la fabricaci\u00f3n de componentes electr\u00f3nicos 23,9%; la de veh\u00edculos y equipos de transporte 34,9% y la de alimentos 0,5%. Este \u00faltimo es el \u00fanico de todos los rubros que muestra un acumulado interanual positivo en lo que va de 2020: 4%.<\/p>\n<p>El Indicador Mensual de Facturaci\u00f3n se elabora en base a las declaraciones juradas del R\u00e9gimen Derecho de Registro e Inspecci\u00f3n.<\/p>\n<h6>Fuente: La Capital<\/h6>\n","protected":false},"excerpt":{"rendered":"<p>La actividad baj\u00f3 6,4% interanual, en l\u00ednea con la Naci\u00f3n. Pero interrumpi\u00f3 una racha de subas mensuales. Industria y comercio despegan<\/p>\n","protected":false},"author":2,"featured_media":109666,"comment_status":"closed","ping_status":"closed","sticky":false,"template":"","format":"standard","meta":{"footnotes":""},"categories":[5],"tags":[10],"class_list":["post-109665","post","type-post","status-publish","format-standard","has-post-thumbnail","hentry","category-informe-economico","tag-santa-fe"],"_links":{"self":[{"href":"http:\/\/argentinamunicipal.com.ar\/argentina\/wp-json\/wp\/v2\/posts\/109665","targetHints":{"allow":["GET"]}}],"collection":[{"href":"http:\/\/argentinamunicipal.com.ar\/argentina\/wp-json\/wp\/v2\/posts"}],"about":[{"href":"http:\/\/argentinamunicipal.com.ar\/argentina\/wp-json\/wp\/v2\/types\/post"}],"author":[{"embeddable":true,"href":"http:\/\/argentinamunicipal.com.ar\/argentina\/wp-json\/wp\/v2\/users\/2"}],"replies":[{"embeddable":true,"href":"http:\/\/argentinamunicipal.com.ar\/argentina\/wp-json\/wp\/v2\/comments?post=109665"}],"version-history":[{"count":0,"href":"http:\/\/argentinamunicipal.com.ar\/argentina\/wp-json\/wp\/v2\/posts\/109665\/revisions"}],"wp:featuredmedia":[{"embeddable":true,"href":"http:\/\/argentinamunicipal.com.ar\/argentina\/wp-json\/wp\/v2\/media\/109666"}],"wp:attachment":[{"href":"http:\/\/argentinamunicipal.com.ar\/argentina\/wp-json\/wp\/v2\/media?parent=109665"}],"wp:term":[{"taxonomy":"category","embeddable":true,"href":"http:\/\/argentinamunicipal.com.ar\/argentina\/wp-json\/wp\/v2\/categories?post=109665"},{"taxonomy":"post_tag","embeddable":true,"href":"http:\/\/argentinamunicipal.com.ar\/argentina\/wp-json\/wp\/v2\/tags?post=109665"}],"curies":[{"name":"wp","href":"https:\/\/api.w.org\/{rel}","templated":true}]}}