{"id":109864,"date":"2020-12-03T04:31:06","date_gmt":"2020-12-03T07:31:06","guid":{"rendered":"http:\/\/argentinamunicipal.com.ar\/argentina\/?p=109864"},"modified":"2020-12-02T20:37:27","modified_gmt":"2020-12-02T23:37:27","slug":"fernandez-comparo-el-dano-que-macri-le-hizo-a-ypf-con-el-de-la-dictadura","status":"publish","type":"post","link":"http:\/\/argentinamunicipal.com.ar\/argentina\/fernandez-comparo-el-dano-que-macri-le-hizo-a-ypf-con-el-de-la-dictadura\/","title":{"rendered":"Fern\u00e1ndez compar\u00f3 el \u00abda\u00f1o\u00bb que Macri le hizo a YPF con el de la dictadura"},"content":{"rendered":"<p>\u00abYo pens\u00e9 que no era posible hacerle a YPF el da\u00f1o que se le hizo durante el Gobierno militar. Pero no, era posible: en los \u00faltimos cuatro a\u00f1os se le hizo un da\u00f1o verdaderamente llamativo\u00bb, asever\u00f3.<\/p>\n<p>\u00abEn los \u00faltimos cuatro a\u00f1os se le hizo un da\u00f1o verdaderamente llamativo\u00bb, dijo Fern\u00e1ndez. &#8211; Captura de video.<br \/>\nAlberto Fern\u00e1ndez\u00a0asegur\u00f3 que\u00a0la gesti\u00f3n del gobierno anterior fue \u00abmuy frustrante\u00bb para YPF\u00a0y llam\u00f3 a\u00a0poner en valor la empresa estatal y construir \u00abuna nueva normalidad\u00bb\u00a0con mayor \u00abjusticia y equidad\u00bb.<\/p>\n<p>Durante la inauguraci\u00f3n de\u00a0La Plata Cogeneraci\u00f3n II\u00a0(LPC II), una central t\u00e9rmica de generaci\u00f3n de energ\u00eda de YPF,\u00a0Fern\u00e1ndez sostuvo que gesti\u00f3n de Mauricio Macri le hizo \u00abun da\u00f1o verdaderamente llamativo\u00bb a YPF solo comparable con el que le hizo \u00abel gobierno militar\u00bb.<\/p>\n<p>\u00abYo pens\u00e9 que no era posible hacerle a YPF el da\u00f1o que se le hizo durante el Gobierno militar. Pero no, era posible: en los \u00faltimos cuatro a\u00f1os se le hizo un da\u00f1o verdaderamente llamativo\u00bb, asever\u00f3 el jefe de Estado.<\/p>\n<p>Y subray\u00f3: \u00abLos cuatro a\u00f1os entre el 2016 y 2019 fueron muy frustrantes para el desarrollo de YPF. Lo que creo que tenemos que hacer es entender lo que YPF significa para la Argentina\u00bb. En tanto, consider\u00f3 que\u00a0YPF es \u00abla nave insignia de las empresas argentinas\u00bb\u00a0ya que \u00abfuncion\u00f3 durante muchos a\u00f1os como motor del crecimiento argentino\u00bb.<\/p>\n<p>\u00abAc\u00e1 se produce la mayor parte del combustible que se produce en el pa\u00eds\u00bb, coment\u00f3 Fern\u00e1ndez y agreg\u00f3 que \u00aben el desarrollo de la ciencia y la tecnolog\u00eda reside el futuro del pa\u00eds\u00bb. \u00abEso es lo que hace distinto a los pa\u00edses: el desarrollo tecnol\u00f3gico y cient\u00edfico. Tenemos que tener la ciencia y la tecnolog\u00eda para aprovechar los recursos naturales que tenemos\u00bb, se\u00f1al\u00f3.<\/p>\n<p>Asimismo, asegur\u00f3 que\u00a0ya est\u00e1n apareciendo \u00ablos primeros datos de la reconstrucci\u00f3n\u00bb que empiezan a sumarse a las cifras \u00abdel consumo y de la econom\u00eda\u00bb. \u00abAhora m\u00e1s que nunca vamos a reconstruir el pa\u00eds\u00bb, sostuvo, y a\u00f1adi\u00f3: \u00abYo a la normalidad que conoc\u00ed no quiero volver. Quiero volver a una normalidad donde todos tengan la posibilidad de estudiar y cada argentino tenga un lugar de trabajo para ir a buscar un sustento diario\u00bb.<\/p>\n<p>Seg\u00fan comunicados del Gobierno,\u00a0LPC II incorporar\u00e1 90 MW y generar\u00e1 605 GWh por a\u00f1o para abastecer el sistema el\u00e9ctrico argentino, adem\u00e1s de aportar 200 ton\/hora de vapor para el complejo industrial de YPF.<\/p>\n<p>En tanto, destacaron que \u00absu construcci\u00f3n gener\u00f3 un promedio de 300 puestos de trabajo por mes\u00bb.<\/p>\n<h6>Fuente: La Nueva Ma\u00f1ana<\/h6>\n","protected":false},"excerpt":{"rendered":"<p>\u00abYo pens\u00e9 que no era posible hacerle a YPF el da\u00f1o que se le hizo durante el Gobierno militar. Pero no, era posible: en los \u00faltimos cuatro a\u00f1os se le hizo un da\u00f1o verdaderamente llamativo\u00bb, asever\u00f3.<\/p>\n","protected":false},"author":2,"featured_media":109868,"comment_status":"closed","ping_status":"closed","sticky":false,"template":"","format":"standard","meta":{"footnotes":""},"categories":[8],"tags":[21],"class_list":["post-109864","post","type-post","status-publish","format-standard","has-post-thumbnail","hentry","category-informe-nacional","tag-argentina"],"_links":{"self":[{"href":"http:\/\/argentinamunicipal.com.ar\/argentina\/wp-json\/wp\/v2\/posts\/109864","targetHints":{"allow":["GET"]}}],"collection":[{"href":"http:\/\/argentinamunicipal.com.ar\/argentina\/wp-json\/wp\/v2\/posts"}],"about":[{"href":"http:\/\/argentinamunicipal.com.ar\/argentina\/wp-json\/wp\/v2\/types\/post"}],"author":[{"embeddable":true,"href":"http:\/\/argentinamunicipal.com.ar\/argentina\/wp-json\/wp\/v2\/users\/2"}],"replies":[{"embeddable":true,"href":"http:\/\/argentinamunicipal.com.ar\/argentina\/wp-json\/wp\/v2\/comments?post=109864"}],"version-history":[{"count":0,"href":"http:\/\/argentinamunicipal.com.ar\/argentina\/wp-json\/wp\/v2\/posts\/109864\/revisions"}],"wp:featuredmedia":[{"embeddable":true,"href":"http:\/\/argentinamunicipal.com.ar\/argentina\/wp-json\/wp\/v2\/media\/109868"}],"wp:attachment":[{"href":"http:\/\/argentinamunicipal.com.ar\/argentina\/wp-json\/wp\/v2\/media?parent=109864"}],"wp:term":[{"taxonomy":"category","embeddable":true,"href":"http:\/\/argentinamunicipal.com.ar\/argentina\/wp-json\/wp\/v2\/categories?post=109864"},{"taxonomy":"post_tag","embeddable":true,"href":"http:\/\/argentinamunicipal.com.ar\/argentina\/wp-json\/wp\/v2\/tags?post=109864"}],"curies":[{"name":"wp","href":"https:\/\/api.w.org\/{rel}","templated":true}]}}