{"id":109919,"date":"2020-12-04T05:28:22","date_gmt":"2020-12-04T08:28:22","guid":{"rendered":"http:\/\/argentinamunicipal.com.ar\/argentina\/?p=109919"},"modified":"2020-12-03T20:36:48","modified_gmt":"2020-12-03T23:36:48","slug":"el-fmi-habla-de-dialogo-fluido-y-constructivo","status":"publish","type":"post","link":"http:\/\/argentinamunicipal.com.ar\/argentina\/el-fmi-habla-de-dialogo-fluido-y-constructivo\/","title":{"rendered":"El FMI habla de \u00abdi\u00e1logo fluido y constructivo\u00bb"},"content":{"rendered":"<p>Jerry Rice asegur\u00f3 que las conversaciones para un nuevo programa \u00abest\u00e1n en curso y en estrecho contacto\u00bb. Parte a Washington la misi\u00f3n Guzm\u00e1n.<\/p>\n<p>El Fondo Monetario Internacional (FMI) indic\u00f3 que las conversaciones entre la Argentina y el organismo para un nuevo programa \u00abest\u00e1n en curso y en estrecho contacto\u00bb, y son parte de un di\u00e1logo \u00abmuy fluido y constructivo\u00bb.<\/p>\n<p>En declaraciones efectuadas a la prensa, el vocero del FMI,\u00a0Gerry Rice, se\u00f1al\u00f3 que las negociaciones \u00abest\u00e1n en curso\u00bb y, en modo anticipado, dio la bienvenida al equipo de finanzas del ministro de Econom\u00eda, Mart\u00edn Guzm\u00e1n, que partir\u00e1 en las pr\u00f3ximas horas rumbo a Washington para mantener reuniones t\u00e9cnicas con miembros del staff del organismo.<\/p>\n<p>En lo que constituy\u00f3 su primera aparici\u00f3n luego de la celebraci\u00f3n de la Cumbre Anual del FMI en octubre, y tras la celebraci\u00f3n del D\u00eda de Acci\u00f3n de Gracias en Estados Unidos, el vocero del Fondo Monetario defini\u00f3 como\u00a0\u00abmuy fluido y constructivo\u00bb\u00a0al di\u00e1logo con la Argentina en pos de un acuerdo.<\/p>\n<p><strong>Esta vez, de visitante<\/strong><\/p>\n<p>La Argentina negocia el refinanciamiento de una deuda de 44.000 millones de pesos contra\u00edda por el anterior Gobierno a trav\u00e9s de un programa stand by. Rice agreg\u00f3 que, \u00abcomo parte de estas discusiones en curso, un peque\u00f1o equipo del Ministerio de Econom\u00eda argentino, ciertamente, vendr\u00e1 a Washington para mantener reuniones en los pr\u00f3ximos d\u00edas\u00bb. \u00abLuego de que un equipo del Fondo ha estado en Buenos Aires, ahora damos la bienvenida a una visita argentina aqu\u00ed en Washington\u00bb, expres\u00f3.<\/p>\n<p>Rice record\u00f3 la posici\u00f3n del FMI sobre la Argentina, esbozada luego de la culminaci\u00f3n de la misi\u00f3n que visit\u00f3 el pa\u00eds en noviembre \u00faltimo, liderada por Julie Kozack, subdirectora del Departamento del Hemisferio Occidental, y Luis Cubeddu, jefe de Misi\u00f3n para el pa\u00eds. \u00abComo dijo el equipo al concluir esa visita, ha habido un buen progreso en la definici\u00f3n de los elementos iniciales del programa econ\u00f3mico de la Argentina\u00bb, afirm\u00f3 Rice.<\/p>\n<p>\u00abCreo que es justo -continu\u00f3-, decir que las autoridades y el personal t\u00e9cnico del FMI comparten la opini\u00f3n de que abordar los desaf\u00edos de Argentina requerir\u00e1 un conjunto cuidadosamente equilibrado de pol\u00edticas que fomente la estabilidad, restablezca la confianza, proteja a las personas m\u00e1s vulnerables y establezca las bases para una pol\u00edtica sostenible e inclusiva\u00bb, continu\u00f3.<\/p>\n<p>Asever\u00f3 adem\u00e1s que, \u00abmientras la Argentina lucha contra sus desaf\u00edos econ\u00f3micos, por supuesto tambi\u00e9n lucha contra la pandemia\u00bb. En cuanto a los pr\u00f3ximos pasos en las tratativas, el funcionario del Fondo neg\u00f3 tener \u00abun cronograma preciso para un eventual acuerdo sobre un programa respaldado por el FMI\u00bb.<\/p>\n<p>\u00abSeguimos en estrecho contacto mientras las autoridades contin\u00faan esbozando sus planes, como dije, y trabajan para apuntalarlos con un amplio apoyo pol\u00edtico y social\u00bb, subray\u00f3 el vocero del FMI en la rueda de prensa. Tambi\u00e9n sostuvo que el staff mantiene al tanto al directorio del FMI de la evoluci\u00f3n de las negociaciones entre el Fondo y la Argentina, aunque aclar\u00f3 que, \u00aben esta etapa, no hay fecha para una reuni\u00f3n formal de la Junta Ejecutiva\u00bb.<\/p>\n<p><strong>La idea argentina<\/strong><\/p>\n<p>En este contexto, en el Gobierno siguen con la idea de cerrar el acuerdo seg\u00fan los tiempos planificados. Desde Econom\u00eda observa que el cronograma pone como fecha tope el mes de marzo del 2021. Dado que en abril es el inicio de la \u00faltima negociaci\u00f3n pendiente en materia de deuda, el pasivo con el Club de Par\u00eds.<\/p>\n<p>El ministro Guzm\u00e1n ya manifest\u00f3 la necesidad de acceder a un plan de Facilidades Extendidas, que tiene plazos de pago entre cuatro y diez a\u00f1os. Aunque en los pliegos del organismo esta variante supone ajustes de fondo en diferentes frentes, desde el Gobierno le aclararon al organismo que conduce Kristalina Georgieva que la prioridad es el plan econ\u00f3mico local y el crecimiento, por lo que no se tomar\u00e1n medidas que impacten negativamente en las metas que el Ejecutivo planea para el pr\u00f3ximo 2021.<\/p>\n<h6>Fuente: P\u00e1gina 12<\/h6>\n","protected":false},"excerpt":{"rendered":"<p>Jerry Rice asegur\u00f3 que las conversaciones para un nuevo programa \u00abest\u00e1n en curso y en estrecho contacto\u00bb. Parte a Washington la misi\u00f3n Guzm\u00e1n.\u00a0<\/p>\n","protected":false},"author":2,"featured_media":109920,"comment_status":"closed","ping_status":"closed","sticky":false,"template":"","format":"standard","meta":{"footnotes":""},"categories":[8],"tags":[21],"class_list":["post-109919","post","type-post","status-publish","format-standard","has-post-thumbnail","hentry","category-informe-nacional","tag-argentina"],"_links":{"self":[{"href":"http:\/\/argentinamunicipal.com.ar\/argentina\/wp-json\/wp\/v2\/posts\/109919","targetHints":{"allow":["GET"]}}],"collection":[{"href":"http:\/\/argentinamunicipal.com.ar\/argentina\/wp-json\/wp\/v2\/posts"}],"about":[{"href":"http:\/\/argentinamunicipal.com.ar\/argentina\/wp-json\/wp\/v2\/types\/post"}],"author":[{"embeddable":true,"href":"http:\/\/argentinamunicipal.com.ar\/argentina\/wp-json\/wp\/v2\/users\/2"}],"replies":[{"embeddable":true,"href":"http:\/\/argentinamunicipal.com.ar\/argentina\/wp-json\/wp\/v2\/comments?post=109919"}],"version-history":[{"count":0,"href":"http:\/\/argentinamunicipal.com.ar\/argentina\/wp-json\/wp\/v2\/posts\/109919\/revisions"}],"wp:featuredmedia":[{"embeddable":true,"href":"http:\/\/argentinamunicipal.com.ar\/argentina\/wp-json\/wp\/v2\/media\/109920"}],"wp:attachment":[{"href":"http:\/\/argentinamunicipal.com.ar\/argentina\/wp-json\/wp\/v2\/media?parent=109919"}],"wp:term":[{"taxonomy":"category","embeddable":true,"href":"http:\/\/argentinamunicipal.com.ar\/argentina\/wp-json\/wp\/v2\/categories?post=109919"},{"taxonomy":"post_tag","embeddable":true,"href":"http:\/\/argentinamunicipal.com.ar\/argentina\/wp-json\/wp\/v2\/tags?post=109919"}],"curies":[{"name":"wp","href":"https:\/\/api.w.org\/{rel}","templated":true}]}}