{"id":109925,"date":"2020-12-04T05:00:46","date_gmt":"2020-12-04T08:00:46","guid":{"rendered":"http:\/\/argentinamunicipal.com.ar\/argentina\/?p=109925"},"modified":"2020-12-03T20:44:49","modified_gmt":"2020-12-03T23:44:49","slug":"las-provincias-por-un-lado-y-caba-por-el-otro","status":"publish","type":"post","link":"http:\/\/argentinamunicipal.com.ar\/argentina\/las-provincias-por-un-lado-y-caba-por-el-otro\/","title":{"rendered":"Las provincias por un lado y CABA por el otro\u00a0"},"content":{"rendered":"<p>El jefe de gobierno no quiere firmar el Consenso porque lo obliga a suspender sus reclamos judiciales. Los diputados cordobeses le respondieron a Mauricio Macri.<\/p>\n<p>El Gobierno trabaja a todo vapor para intentar reunir el viernes a la mayor cantidad de gobernadores posibles para la firma del Consenso Fiscal 2020, que en los hechos se convertir\u00eda en una nueva escalada del conflicto abierto con la administraci\u00f3n porte\u00f1a. El jefe de gobierno,\u00a0Horacio Rodr\u00edguez Larreta, mantiene su estrategia de llevar a la\u00a0Corte Suprema\u00a0el reclamo por el recorte de fondos, una posibilidad vedada para los firmantes del consenso, y aparece cada vez m\u00e1s aislado en su posici\u00f3n. Desde la Casa Rosada, adelantaron que tienen puesta la mira en otros traspasos que hizo\u00a0Mauricio Macri\u00a0a la CABA -por ejemplo, de bienes del Estado- y hasta los diputados cordobeses, en los que Rodr\u00edguez Larreta hab\u00eda depositado sus esperanzas, hicieron una declaraci\u00f3n subrayando que durante los \u00faltimos a\u00f1os se hab\u00edan transferido \u00abfondos de m\u00e1s\u00bb a la Capital.<\/p>\n<p>Cuando se trata de discutir el reparto de recursos nacionales, la CABA -por lejos, el distrito m\u00e1s rico del pa\u00eds- tiene las de perder ante las urgencias de las provincias, agravadas en el contexto de la pandemia. En las \u00faltimas semanas, desde el Ministerio del Interior estuvieron trabajando con los ministros de Hacienda provinciales para definir el nuevo Consenso Fiscal que, entre otras cosas, les permitir\u00e1 tomar deuda en pesos y redefinir sus esquemas impositivos, medidas con las que podr\u00edan subsanar los rojos provinciales. A cambio, deben suspender sus reclamos judiciales contra el Gobierno, el punto que separa a Rodr\u00edguez Larreta del resto y que podr\u00eda convertirlo en el \u00fanico mandatario provincial que no participe de la firma.<\/p>\n<p>La convocatoria a la adhesi\u00f3n al Consenso est\u00e1 agendada para ma\u00f1ana al mediod\u00eda en el Museo del Bicentenario. En Interior no se arriesgaban a afirmar si efectivamente participar\u00edan los otros 23 mandatarios, dado que con algunos de ellos todav\u00eda discut\u00edan detalles t\u00e9cnicos. Porque las diferencias, aseguraban, eran econ\u00f3micas y no pol\u00edticas. De hecho, marcaban como dato a tener en cuenta que ninguno de los tres gobernadores de Juntos por el Cambio -los de Mendoza, Corrientes y Jujuy- hayan alzado la voz en estos d\u00edas para defender los recursos que recibe el jefe de gobierno porte\u00f1o.<\/p>\n<p>\u00abHoracio Rodr\u00edguez Larreta ha dicho que no acepta lo resuelto en el Congreso, ni la opini\u00f3n mayoritaria de las provincias. Insiste en judicializar cuestiones pol\u00edticas como lo han hecho en los \u00faltimos a\u00f1os. Ayer, por momentos, pareci\u00f3 ejercer una inapropiada presi\u00f3n a la Corte Suprema\u00bb, escribi\u00f3 temprano la ministra de Justicia, Marcela Losardo, en Twitter. La referencia era a la conferencia de prensa del jefe de gobierno del martes a la noche donde, en tono de campa\u00f1a, adelant\u00f3 que presentar\u00eda una nueva demanda y le reclam\u00f3 a la Corte que falle r\u00e1pido para \u00abrestablecer el federalismo que se quebr\u00f3\u00bb.<\/p>\n<p>Curiosamente, la reacci\u00f3n del jefe de gobierno fue a la sanci\u00f3n en Diputados al proyecto de ley que establece el financiamiento que tendr\u00e1 de ahora en adelante la Polic\u00eda de la Ciudad, cuyo tratamiento pas\u00f3 al Senado. Y el \u00abfederalismo\u00bb al que hace referencia es el porcentaje que en 2016 determin\u00f3 Macri por decreto de manera inconsulta y que luego su propio ministro del Interior, Rogelio Frigerio, reconoci\u00f3 que hab\u00eda sido exagerado.<\/p>\n<p>En un intento por evitar esa derrota en la C\u00e1mara baja, Rodr\u00edguez Larreta hab\u00eda llamado al gobernador de C\u00f3rdoba, Juan Schiaretti, para que sus diputados votaran en contra. Schiaretti hab\u00eda sido el \u00fanico de los gobernadores peronistas que no firm\u00f3 una solicitada en la que apoyaron el recorte. Sin embargo, lo que hicieron los legisladores cordobeses fue introducir una modificaci\u00f3n en el proyecto para que la cifra definitiva de cu\u00e1nto le transferir\u00e1 la Naci\u00f3n a la Ciudad por su polic\u00eda se resuelva en una mesa de la que participar\u00e1n representantes de ambas partes y de las provincias. Pese a las loas al federalismo, al macrismo no le gust\u00f3 nada la decisi\u00f3n.<\/p>\n<p>\u00abQu\u00e9 tristeza ver c\u00f3mo votaron los cuatro diputados cordobeses del PJ, una provincia que siempre fue un ejemplo de respeto, federalismo y autonom\u00eda\u00bb, se quej\u00f3 el propio Macri. Los integrantes del bloque C\u00f3rdoba Federal lo cruzaron con argumentos contundentes. \u00abEn el transcurso de este 2020, el Gobierno Nacional le transfiri\u00f3 a la CABA una suma de 67 mil millones de pesos por haber transferido 19.900 polic\u00edas a su jurisdicci\u00f3n en 2016. En C\u00f3rdoba, que cuenta con 22.000 polic\u00edas, quienes perciben un salario similar a los de la Ciudad de Buenos Aires, el presupuesto es de 35.000 millones. No debemos olvidar que la Polic\u00eda de C\u00f3rdoba cubre m\u00e1s poblaci\u00f3n y un mayor territorio que el de la CABA. Si tenemos en cuenta este c\u00e1lculo, es evidente que se estaban transfiriendo fondos de m\u00e1s a la Ciudad de Buenos Aires\u00bb, detallaron los legisladores que responden a Schiaretti. Por si quedaban dudas, concluyeron explicando que el presidente Alberto Fern\u00e1ndez sab\u00eda que el bloque cordob\u00e9s siempre actuar\u00eda de manera de garantizar la gobernabilidad del pa\u00eds.<\/p>\n<p>A d\u00edas de iniciar el a\u00f1o electoral, est\u00e1 claro que la relaci\u00f3n entre el gobierno nacional y el porte\u00f1o ya no volver\u00e1 a ser la de los comienzos de la pandemia. De hecho, cerca del Presidente advert\u00edan que si Rodr\u00edguez Larreta insist\u00eda en su estrategia de judicializar las diferencias podr\u00edan reclamar lo que la CABA recibi\u00f3 de m\u00e1s por la Polic\u00eda en los \u00faltimos cuatro a\u00f1os. Y no s\u00f3lo eso. Tambi\u00e9n evaluaban ir a fondo con la revisi\u00f3n del centenar de terrenos y propiedades que Macri le transfiri\u00f3 a la Ciudad en las semanas que fueron desde su derrota electoral al traspaso de mando en 2019, por un valor estimado en 25 mil millones de pesos. Se trata de 34 escrituras en las que se traspasaron terrenos ferroviarios en las inmediaciones de las l\u00edneas de tren y playones, parte de la c\u00e1rcel de Caseros y espacios donde funcionaban locales comerciales y canchas de f\u00fatbol 5, todo supuestamente en compensaci\u00f3n de otros gastos. Una maniobra muy irregular que est\u00e1 bajo estudio de la agencia administradora de bienes del Estado, que por ahora trabaja lentamente pero que podr\u00eda tomar velocidad si la urgencia pol\u00edtica lo demanda.<\/p>\n<h6>Fuente: P\u00e1gina 12<\/h6>\n","protected":false},"excerpt":{"rendered":"<p>El jefe de gobierno no quiere firmar el Consenso porque lo obliga a suspender sus reclamos judiciales. Los diputados cordobeses le respondieron a Mauricio Macri.<\/p>\n","protected":false},"author":2,"featured_media":109926,"comment_status":"closed","ping_status":"closed","sticky":false,"template":"","format":"standard","meta":{"footnotes":""},"categories":[8],"tags":[21],"class_list":["post-109925","post","type-post","status-publish","format-standard","has-post-thumbnail","hentry","category-informe-nacional","tag-argentina"],"_links":{"self":[{"href":"http:\/\/argentinamunicipal.com.ar\/argentina\/wp-json\/wp\/v2\/posts\/109925","targetHints":{"allow":["GET"]}}],"collection":[{"href":"http:\/\/argentinamunicipal.com.ar\/argentina\/wp-json\/wp\/v2\/posts"}],"about":[{"href":"http:\/\/argentinamunicipal.com.ar\/argentina\/wp-json\/wp\/v2\/types\/post"}],"author":[{"embeddable":true,"href":"http:\/\/argentinamunicipal.com.ar\/argentina\/wp-json\/wp\/v2\/users\/2"}],"replies":[{"embeddable":true,"href":"http:\/\/argentinamunicipal.com.ar\/argentina\/wp-json\/wp\/v2\/comments?post=109925"}],"version-history":[{"count":0,"href":"http:\/\/argentinamunicipal.com.ar\/argentina\/wp-json\/wp\/v2\/posts\/109925\/revisions"}],"wp:featuredmedia":[{"embeddable":true,"href":"http:\/\/argentinamunicipal.com.ar\/argentina\/wp-json\/wp\/v2\/media\/109926"}],"wp:attachment":[{"href":"http:\/\/argentinamunicipal.com.ar\/argentina\/wp-json\/wp\/v2\/media?parent=109925"}],"wp:term":[{"taxonomy":"category","embeddable":true,"href":"http:\/\/argentinamunicipal.com.ar\/argentina\/wp-json\/wp\/v2\/categories?post=109925"},{"taxonomy":"post_tag","embeddable":true,"href":"http:\/\/argentinamunicipal.com.ar\/argentina\/wp-json\/wp\/v2\/tags?post=109925"}],"curies":[{"name":"wp","href":"https:\/\/api.w.org\/{rel}","templated":true}]}}