{"id":109938,"date":"2020-12-04T04:00:51","date_gmt":"2020-12-04T07:00:51","guid":{"rendered":"http:\/\/argentinamunicipal.com.ar\/argentina\/?p=109938"},"modified":"2020-12-03T20:59:27","modified_gmt":"2020-12-03T23:59:27","slug":"declaran-la-emergencia-ambiental-en-la-zona-del-delta-del-rio-parana","status":"publish","type":"post","link":"http:\/\/argentinamunicipal.com.ar\/argentina\/declaran-la-emergencia-ambiental-en-la-zona-del-delta-del-rio-parana\/","title":{"rendered":"Declaran la emergencia ambiental en la zona del Delta del R\u00edo Paran\u00e1"},"content":{"rendered":"<p>El Decreto 1088, publicado en el Bolet\u00edn Oficial del distrito, proh\u00edbe la actividad de quema de pastizales y suspende \u00abtoda autorizaci\u00f3n o permiso de quema de vegetaci\u00f3n en la zona declarada en emergencia ambiental\u00bb.<\/p>\n<p>El gobernador bonaerense, Axel Kicillof, declar\u00f3 la emergencia ambiental en la zona del Delta del R\u00edo Paran\u00e1 ubicada en la provincia de Buenos Aires, comprendida por los partidos de San Nicol\u00e1s, Ramallo, San Pedro, Baradero, Z\u00e1rate, Campana, Escobar, Tigre, San Fernando, San Isidro y Vicente L\u00f3pez, por 180 d\u00edas.<\/p>\n<p>El Decreto 1088, publicado en el Bolet\u00edn Oficial del distrito, proh\u00edbe la actividad de quema de pastizales y suspende \u00abtoda autorizaci\u00f3n o permiso de quema de vegetaci\u00f3n en la zona declarada en emergencia ambiental\u00bb.<\/p>\n<p>La medida de crear el Comit\u00e9 Interministerial de Emergencia del Delta (CIED), a efectos de articular con los organismos provinciales, nacionales y municipales las medidas de prevenci\u00f3n, control y mitigaci\u00f3n de los efectos producidos por los incendios y de identificaci\u00f3n catastral de las zonas afectadas.<\/p>\n<p>El Comit\u00e9 ser\u00e1 coordinado por un representante del Ministerio de Jefatura de Gabinete de Ministros, e integrado por representantes de los Ministerios de Seguridad, de Gobierno y del Organismo Provincial para el Desarrollo Sostenible.<\/p>\n<p>En tanto, se instruy\u00f3 al Ministerio de Seguridad y al Organismo Provincial para el Desarrollo Sostenible \u00aba adoptar las medidas necesarias para elaborar en forma conjunta un Plan de Manejo del Fuego para la zona del Delta del Paran\u00e1 en el \u00e1mbito de la provincia de Buenos Aires\u00bb.<\/p>\n<p>En los fundamentos del decreto, se record\u00f3 que el Delta del Paran\u00e1 \u201ces un inmenso humedal y, como tal, adem\u00e1s de albergar una rica diversidad biol\u00f3gica, cumple m\u00faltiples y fundamentales funciones como la recarga y descarga de acu\u00edferos, el control de inundaciones, la retenci\u00f3n de sedimentos y nutrientes, la estabilizaci\u00f3n de costas, la protecci\u00f3n contra la erosi\u00f3n, la regulaci\u00f3n del clima y una extensa lista de bienes y servicios al hombre\u00bb.<\/p>\n<p>Se apunt\u00f3 que, \u00aben los primeros meses del a\u00f1o en curso, se han detectado numerosos focos de incendio irregulares en la zona del Delta del Paran\u00e1 correspondiente a las provincias de Entre R\u00edos, Santa Fe y Buenos Aires\u00bb que generaron \u00abun impacto negativo sobre la integridad del ecosistema, poniendo en peligro no solo los principales recursos naturales sino tambi\u00e9n la calidad de vida y la salud de la poblaci\u00f3n\u00bb.<\/p>\n<h6>Fuente: Telam<\/h6>\n","protected":false},"excerpt":{"rendered":"<p>El Decreto 1088, publicado en el Bolet\u00edn Oficial del distrito, proh\u00edbe la actividad de quema de pastizales y suspende \u00abtoda autorizaci\u00f3n o permiso de quema de vegetaci\u00f3n en la zona declarada en emergencia ambiental\u00bb.<\/p>\n","protected":false},"author":2,"featured_media":109939,"comment_status":"closed","ping_status":"closed","sticky":false,"template":"","format":"standard","meta":{"footnotes":""},"categories":[2],"tags":[12,10],"class_list":["post-109938","post","type-post","status-publish","format-standard","has-post-thumbnail","hentry","category-informe-municipal","tag-buenos-aires","tag-santa-fe"],"_links":{"self":[{"href":"http:\/\/argentinamunicipal.com.ar\/argentina\/wp-json\/wp\/v2\/posts\/109938","targetHints":{"allow":["GET"]}}],"collection":[{"href":"http:\/\/argentinamunicipal.com.ar\/argentina\/wp-json\/wp\/v2\/posts"}],"about":[{"href":"http:\/\/argentinamunicipal.com.ar\/argentina\/wp-json\/wp\/v2\/types\/post"}],"author":[{"embeddable":true,"href":"http:\/\/argentinamunicipal.com.ar\/argentina\/wp-json\/wp\/v2\/users\/2"}],"replies":[{"embeddable":true,"href":"http:\/\/argentinamunicipal.com.ar\/argentina\/wp-json\/wp\/v2\/comments?post=109938"}],"version-history":[{"count":0,"href":"http:\/\/argentinamunicipal.com.ar\/argentina\/wp-json\/wp\/v2\/posts\/109938\/revisions"}],"wp:featuredmedia":[{"embeddable":true,"href":"http:\/\/argentinamunicipal.com.ar\/argentina\/wp-json\/wp\/v2\/media\/109939"}],"wp:attachment":[{"href":"http:\/\/argentinamunicipal.com.ar\/argentina\/wp-json\/wp\/v2\/media?parent=109938"}],"wp:term":[{"taxonomy":"category","embeddable":true,"href":"http:\/\/argentinamunicipal.com.ar\/argentina\/wp-json\/wp\/v2\/categories?post=109938"},{"taxonomy":"post_tag","embeddable":true,"href":"http:\/\/argentinamunicipal.com.ar\/argentina\/wp-json\/wp\/v2\/tags?post=109938"}],"curies":[{"name":"wp","href":"https:\/\/api.w.org\/{rel}","templated":true}]}}