{"id":109951,"date":"2020-12-04T06:35:49","date_gmt":"2020-12-04T09:35:49","guid":{"rendered":"http:\/\/argentinamunicipal.com.ar\/argentina\/?p=109951"},"modified":"2020-12-04T06:35:49","modified_gmt":"2020-12-04T09:35:49","slug":"comienza-proyecto-ballena-un-ciclo-para-el-debate-en-america-latina","status":"publish","type":"post","link":"http:\/\/argentinamunicipal.com.ar\/argentina\/comienza-proyecto-ballena-un-ciclo-para-el-debate-en-america-latina\/","title":{"rendered":"Comienza \u00abProyecto Ballena\u00bb, un ciclo para el debate en Am\u00e9rica Latina"},"content":{"rendered":"<p>Referentes culturales e intelectuales de Am\u00e9rica Latina participar\u00e1n del ciclo de pensamiento y debate organizadas por el Ministerio de Cultura, que comienza este viernes y contar\u00e1 con la exposici\u00f3n de referentes como Lula Da Silva, Jacques Ranci\u00e8re, Boaventura de Sousa Santos, Evo Morales, Dora Barrancos y Nelly Richard, entre otros.<\/p>\n<p>El ciclo de la primera edici\u00f3n de \u00abProyecto Ballena. Vida y pol\u00edtica. Acciones y pensamientos para un presente mejor\u00bbque se realizar\u00e1 el 4, 5 y 6 de diciembre, se inaugurar\u00e1 el pr\u00f3ximo viernes a las 16 con una charla moderada por la historiadora Julia Rosemberg, en la que conversar\u00e1n el ministro de Cultura, Trist\u00e1n Bauer; el expresidente de Brasil Luiz In\u00e1cio Lula da Silva y el expresidente de Bolivia Evo Morales.<\/p>\n<p>Organizado por el Ministerio de Cultura, a trav\u00e9s de las secretar\u00edas de de Gesti\u00f3n de Espacios y Proyectos Especiales, Patrimonio Cultural y de Gesti\u00f3n Cultural, las jornadas tendr\u00e1n al Centro Cultural Kirchner como sede y se podr\u00e1n seguir a trav\u00e9s de\u00a0su canal de YouTube, su\u00a0p\u00e1gina web\u00a0y la plataforma\u00a0Contar.<\/p>\n<p>Las tres jornadas incluir\u00e1n debates sobre militancias y activismos, los alcances sobre la tecnolog\u00eda para pensar la democracia y tambi\u00e9n el estreno del documental \u00abEl desacuerdo\u00bb, de Mar\u00eda Bagnat y producido por Clacso, que intenta dar cuenta del devenir del capitalismo y su transcurrir en los \u00faltimos a\u00f1os hasta la pandemia, a trav\u00e9s de entrevistas a personalidades nacionales e internacionales como Noam Chomsky, Leonardo Boff, Camila Vallejos o \u00c1lvaro Garc\u00eda Linera.<\/p>\n<p>Adem\u00e1s se proyectar\u00e1 \u00abInstrumento para estrellar\u00bb, una pieza audiovisual, performance y dispositivo de im\u00e1genes acerca de la gestualidad presente en las movilizaciones sociales ocurridas en Am\u00e9rica Latina durante los \u00faltimos a\u00f1os, a cargo de Diana Szeinblum y Jazm\u00edn Tesone, y el Grupo Etc\u00e9tera presentar\u00e1 un collage audiovisual que incluye registros in\u00e9ditos junto a material de archivo, pone en relevancia c\u00f3mo se construyen y diseminan las noticias falsas a partir de un ejemplo concreto, el llamado \u00abClub del Helic\u00f3ptero\u00bb.<\/p>\n<p>En tanto, el escritor y ensayista Boaventura Santos presentar\u00e1 su libro \u00abIzquierdas del mundo, \u00a1Unanse!\u00bb y otros ensayos el viernes 4 a las 18 en una charla coordinada por la presidenta de Telam, Bernarda Llorente, junto con el ministro de Educaci\u00f3n, Nicol\u00e1s Trotta, y Karina Batthyanny, de Clacso.<\/p>\n<h6>Fuente: telam<\/h6>\n","protected":false},"excerpt":{"rendered":"<p>Referentes culturales e intelectuales de Am\u00e9rica Latina participar\u00e1n del ciclo de pensamiento y debate organizadas por el Ministerio de Cultura, que comienza este viernes y contar\u00e1 con la exposici\u00f3n de referentes como Lula Da Silva<\/p>\n","protected":false},"author":2,"featured_media":109952,"comment_status":"closed","ping_status":"closed","sticky":false,"template":"","format":"standard","meta":{"footnotes":""},"categories":[47],"tags":[21],"class_list":["post-109951","post","type-post","status-publish","format-standard","has-post-thumbnail","hentry","category-fiestas","tag-argentina"],"_links":{"self":[{"href":"http:\/\/argentinamunicipal.com.ar\/argentina\/wp-json\/wp\/v2\/posts\/109951","targetHints":{"allow":["GET"]}}],"collection":[{"href":"http:\/\/argentinamunicipal.com.ar\/argentina\/wp-json\/wp\/v2\/posts"}],"about":[{"href":"http:\/\/argentinamunicipal.com.ar\/argentina\/wp-json\/wp\/v2\/types\/post"}],"author":[{"embeddable":true,"href":"http:\/\/argentinamunicipal.com.ar\/argentina\/wp-json\/wp\/v2\/users\/2"}],"replies":[{"embeddable":true,"href":"http:\/\/argentinamunicipal.com.ar\/argentina\/wp-json\/wp\/v2\/comments?post=109951"}],"version-history":[{"count":0,"href":"http:\/\/argentinamunicipal.com.ar\/argentina\/wp-json\/wp\/v2\/posts\/109951\/revisions"}],"wp:featuredmedia":[{"embeddable":true,"href":"http:\/\/argentinamunicipal.com.ar\/argentina\/wp-json\/wp\/v2\/media\/109952"}],"wp:attachment":[{"href":"http:\/\/argentinamunicipal.com.ar\/argentina\/wp-json\/wp\/v2\/media?parent=109951"}],"wp:term":[{"taxonomy":"category","embeddable":true,"href":"http:\/\/argentinamunicipal.com.ar\/argentina\/wp-json\/wp\/v2\/categories?post=109951"},{"taxonomy":"post_tag","embeddable":true,"href":"http:\/\/argentinamunicipal.com.ar\/argentina\/wp-json\/wp\/v2\/tags?post=109951"}],"curies":[{"name":"wp","href":"https:\/\/api.w.org\/{rel}","templated":true}]}}