{"id":109957,"date":"2020-12-04T05:00:38","date_gmt":"2020-12-04T08:00:38","guid":{"rendered":"http:\/\/argentinamunicipal.com.ar\/argentina\/?p=109957"},"modified":"2020-12-04T06:44:49","modified_gmt":"2020-12-04T09:44:49","slug":"entre-la-macrisis-y-la-pandemia","status":"publish","type":"post","link":"http:\/\/argentinamunicipal.com.ar\/argentina\/entre-la-macrisis-y-la-pandemia\/","title":{"rendered":"\u201cEntre la macrisis y la pandemia\u201d"},"content":{"rendered":"<p>El presidente Alberto Fern\u00e1ndez transit\u00f3 el primer a\u00f1o de Gobierno con un 57,5% de imagen positiva, y un porcentaje similar aprob\u00f3 la gesti\u00f3n durante la pandemia, seg\u00fan una encuesta del Celag.<\/p>\n<p><strong>PRIMER A\u00d1O DE GOBIERNO ALBERTO FERN\u00c1NDEZ<\/strong><\/p>\n<p>El devastador paso de la Alianza Cambiemos por la administraci\u00f3n nacional (Pro, Uni\u00f3n C\u00edvica Radical, Coalici\u00f3n C\u00edvica y en C\u00f3rdoba el Frente C\u00edvico y Social) qued\u00f3 reflejado en todos los \u00edndices negativos econ\u00f3micos, sociales y tambi\u00e9n institucionales en los que dejaron sumido al pa\u00eds; lo que demostr\u00f3 el rotundo fracaso del gobierno de Mauricio Macri y marc\u00f3 el inicio de la gesti\u00f3n de Alberto Fern\u00e1ndez.<\/p>\n<p>Fue el Presidente el que en su discurso de asunci\u00f3n el 10 de diciembre de 2019 puso en n\u00fameros la cat\u00e1strofe que dej\u00f3 el gobierno anterior.<\/p>\n<p>El jefe de Estado se\u00f1al\u00f3 ante la Asamblea Legislativa: \u201cFaltar\u00eda a la verdad y a la responsabilidad si no compartiera con ustedes el exacto escenario en el que hoy asumimos. Tiene cifras y datos contundentes, emanados de la administraci\u00f3n saliente, como producto de esta aventura que propici\u00f3 la fuga de capitales, destruy\u00f3 la industria y abrum\u00f3 a las familias argentinas. Y es la informaci\u00f3n indispensable para comprender los desaf\u00edos que tendremos que asumir como sociedad\u201d.<\/p>\n<p><strong>\u201cSe cerraron 20 mil empresas\u201d durante la gesti\u00f3n de Macri<\/strong><br \/>\nTras lo cual enumer\u00f3: \u201cLa inflaci\u00f3n que tenemos actualmente es la m\u00e1s alta de los \u00faltimo 28 a\u00f1os. Desde 1991 la Argentina no ten\u00eda una inflaci\u00f3n superior al 50%. La tasa de desocupaci\u00f3n es la m\u00e1s alta desde 2006. La Argentina no para de achicar su econom\u00eda. El PBI de 2019 es el m\u00e1s bajo de la \u00faltima d\u00e9cada. La deuda externa en relaci\u00f3n al PBI est\u00e1 en su peor momento desde el a\u00f1o 2004\u201d.<\/p>\n<p>\u201cLa pobreza actual est\u00e1 en los valores m\u00e1s altos desde 2008. Retrocedimos m\u00e1s de diez a\u00f1os en la lucha por reducir la pobreza. La indigencia actual est\u00e1 en los valores m\u00e1s altos desde 2008\u201d expres\u00f3. Tambi\u00e9n Fern\u00e1ndez hizo especial menci\u00f3n a la industria: \u201cEl nivel de producci\u00f3n industrial hoy es equivalente al del a\u00f1o 2006: retrocedimos 13 a\u00f1os. El empleo industrial registrado tiene el nivel de 2009. En estos 4 a\u00f1os se perdieron en la industria m\u00e1s de 141 mil empleos registrados del sector privado. La cantidad de empresas es equivalente al nivel registrado en 2007: retrocedimos 12 a\u00f1os. Se cerraron 20 mil empresas en 4 a\u00f1os\u201d.<\/p>\n<p>Un p\u00e1rrafo aparte merecieron los desmanejos institucionales del macrismo, por la persecuci\u00f3n de jueces y fiscales y de abogados de los fueros laboral y penal, la creaci\u00f3n de tribunales con la designaci\u00f3n de jueces elegidos a dedo y por el espionaje ilegal y armado de causas contra empresarios y dirigentes pol\u00edticos opositores.<\/p>\n<p><strong>Bajo la Ley de Emergencia P\u00fablica\u00a0<\/strong><br \/>\nComo consecuencia de ese panorama, la primera medida de la actual gesti\u00f3n fue declarar la emergencia p\u00fablica en materia econ\u00f3mica, financiera, fiscal, administrativa, previsional, tarifaria, energ\u00e9tica, sanitaria y social, a trav\u00e9s de la Ley de Solidaridad y Reactivaci\u00f3n Productiva en el marco de la Emergencia P\u00fablica que aprob\u00f3 el Congreso con vigencia hasta el 31 de diciembre de este a\u00f1o.<\/p>\n<p>La norma le permiti\u00f3 al Poder Ejecutivo recomponer los ingresos fiscales por la v\u00eda de las retenciones agropecuarias y de los impuestos a los bienes personales y suntuosos que el macrismo hab\u00eda disminuido. Tambi\u00e9n se desdolarizaron y congelaron las desmesuradas tarifas de los servicios p\u00fablicos que resultaron impagables para vastos sectores de la sociedad y se estableci\u00f3 la doble indemnizaci\u00f3n para los despidos sin causa.<\/p>\n<p>En tanto, para evitar la permanente p\u00e9rdida de las escu\u00e1lidas reservas que dejaron en el Banco Central la iniciativa cre\u00f3 el denominado impuesto PAIS, que grava con una al\u00edcuota del 30% la compra de divisas extranjeras. Y para recomponer la p\u00e9rdida del poder adquisitivo de los jubilados suspendi\u00f3 la f\u00f3rmula de actualizaci\u00f3n de las jubilaciones que implement\u00f3 el macrismo y envi\u00f3 al Congreso un proyecto para restituir la f\u00f3rmula que reg\u00eda antes del cambio, para que sea tratado en las sesiones extraordinarias que habilit\u00f3 el presidente Alberto Fern\u00e1ndez a partir del 4 de enero de 2021. Al mismo tiempo restituy\u00f3 el programa de medicamentos gratis del Pami y modific\u00f3 los reg\u00edmenes especiales de privilegio de los jueces y diplom\u00e1ticos.<\/p>\n<p>Asimismo, para atacar los dos males mayores que dej\u00f3 el gobierno de Macri (\u201cel hambre y la deuda externa\u201d), la administraci\u00f3n Fern\u00e1ndez restableci\u00f3 los planes ahora 12 y 18 y de Precios Cuidados y cre\u00f3 la tarjeta Alimentar en el marco del Plan Integral de Argentina contra el hambre, para atender las necesidades de 15 millones de argentinos que sufren de inseguridad alimentaria.<\/p>\n<p>En tanto, frente al escandaloso endeudamiento externo de la gesti\u00f3n anterior el Gobierno logr\u00f3 a principios de a\u00f1o el apoyo del Congreso a la Ley de Sostenibilidad de la Deuda P\u00fablica que le permiti\u00f3 comenzar a reestructurar la deuda externa con los bonistas privados, y que culmin\u00f3 con \u00e9xito en agosto y septiembre pasados tanto con los acreedores bajo legislaci\u00f3n extranjera como local; y as\u00ed comenz\u00f3 las negociaciones para la renegociaci\u00f3n de la deuda con el Fondo Monetario Internacional.<\/p>\n<p><strong>La pandemia\u00a0<\/strong><br \/>\nAcuciado por la recesi\u00f3n y la crisis sanitaria provocada por el coronavirus que se desat\u00f3 a partir de marzo en la Argentina, el Estado intervino para que no se frene la econom\u00eda y anunci\u00f3 un paquete de medidas que incluy\u00f3 el congelamiento de precios, un respaldo multimillonario a las obras p\u00fablica, el apoyo a los beneficiarios de los planes sociales y a los trabajadores informales mediante el IFE y a las pymes y los sectores m\u00e1s afectados a trav\u00e9s de las ATP para el pago de salarios del sector privado, en consecuencia con el rumbo fijado por el Gobierno.<\/p>\n<p>No obstante haber priorizado la salud de los argentinos, el Poder Ejecutivo decidi\u00f3 imprimirle celeridad a su extensa agenda parlamentaria pendiente.<\/p>\n<p>De esta forma, el Senado dio media sanci\u00f3n a la Ley de Reforma de la Justicia Federal Penal para desbaratar lo que denunci\u00f3 Alberto Fern\u00e1ndez sobre el mal funcionamiento de la Justicia Federal \u00a0de Macri y la reforma de la Ley del Ministerio P\u00fablico Fiscal, para poder nombrar un nuevo jefe de los fiscales de la Naci\u00f3n, resistido por la oposici\u00f3n. Ambas leyes pasaron a la C\u00e1mara baja para ser tratadas en durante el per\u00edodo extraordinario.<\/p>\n<p>Por su parte, Diputados sancion\u00f3 la Ley de Aporte Solidario y Extraordinario de Grandes Fortunas que espera en extraordinarias la aprobaci\u00f3n del Senado. Tambi\u00e9n Diputados tratar\u00e1 el proyecto de Ley de Interrupci\u00f3n Voluntaria del Embarazo y la Ley Nacional de Atenci\u00f3n y Cuidado Integral de la Salud durante el Embarazo y la Primera Infancia, en la pr\u00f3rroga de las sesiones ordinarias que se extendieron hasta el 3 de enero pr\u00f3ximo.<\/p>\n<p>I<strong>magen positiva<\/strong><\/p>\n<p>El primer estudio que midi\u00f3 el primer a\u00f1o de gobierno de Alberto Fern\u00e1ndez al que accedi\u00f3 La Nueva Ma\u00f1ana fue realizado por el Centro Estrat\u00e9gico Latinoamericano de Geopol\u00edtica (Celag), basado en 2003 entrevistas telef\u00f3nicas realizadas entre los d\u00edas 12 y 27 de noviembre de 2020, en 18 localidades de 14 provincias del pa\u00eds con una muestra estratificada por regi\u00f3n.<\/p>\n<p><strong>Entre otros \u00edtems de la encuesta destacamos:<\/strong><\/p>\n<p>Que el 57,5% de la ciudadan\u00eda tiene una imagen positiva del presidente Alberto Fern\u00e1ndez.<br \/>\nPr\u00e1cticamente id\u00e9ntico porcentaje de la poblaci\u00f3n aprueba la gesti\u00f3n de la pandemia llevada a cabo por el Gobierno de Alberto Fern\u00e1ndez.<br \/>\nSeis de cada diez argentinos y argentinas creen que el Gobierno Nacional podr\u00e1 resolver la crisis econ\u00f3mica actual; de ellos, 22% piensa que podr\u00e1 resolverla en el pr\u00f3ximo a\u00f1o y 37% considera que podr\u00e1 hacerlo, pero en un horizonte de 2 a 3 a\u00f1os.<\/p>\n<h6>Fuente: La Nueva Ma\u00f1ana<\/h6>\n","protected":false},"excerpt":{"rendered":"<p>El presidente Alberto Fern\u00e1ndez transit\u00f3 el primer a\u00f1o de Gobierno con un 57,5% de imagen positiva, y un porcentaje similar aprob\u00f3 la gesti\u00f3n durante la pandemia, seg\u00fan una encuesta del Celag.<br \/>\n\u00a0\u00a0\u00a0\u00a0<\/p>\n","protected":false},"author":2,"featured_media":109958,"comment_status":"closed","ping_status":"closed","sticky":false,"template":"","format":"standard","meta":{"footnotes":""},"categories":[8],"tags":[21],"class_list":["post-109957","post","type-post","status-publish","format-standard","has-post-thumbnail","hentry","category-informe-nacional","tag-argentina"],"_links":{"self":[{"href":"http:\/\/argentinamunicipal.com.ar\/argentina\/wp-json\/wp\/v2\/posts\/109957","targetHints":{"allow":["GET"]}}],"collection":[{"href":"http:\/\/argentinamunicipal.com.ar\/argentina\/wp-json\/wp\/v2\/posts"}],"about":[{"href":"http:\/\/argentinamunicipal.com.ar\/argentina\/wp-json\/wp\/v2\/types\/post"}],"author":[{"embeddable":true,"href":"http:\/\/argentinamunicipal.com.ar\/argentina\/wp-json\/wp\/v2\/users\/2"}],"replies":[{"embeddable":true,"href":"http:\/\/argentinamunicipal.com.ar\/argentina\/wp-json\/wp\/v2\/comments?post=109957"}],"version-history":[{"count":0,"href":"http:\/\/argentinamunicipal.com.ar\/argentina\/wp-json\/wp\/v2\/posts\/109957\/revisions"}],"wp:featuredmedia":[{"embeddable":true,"href":"http:\/\/argentinamunicipal.com.ar\/argentina\/wp-json\/wp\/v2\/media\/109958"}],"wp:attachment":[{"href":"http:\/\/argentinamunicipal.com.ar\/argentina\/wp-json\/wp\/v2\/media?parent=109957"}],"wp:term":[{"taxonomy":"category","embeddable":true,"href":"http:\/\/argentinamunicipal.com.ar\/argentina\/wp-json\/wp\/v2\/categories?post=109957"},{"taxonomy":"post_tag","embeddable":true,"href":"http:\/\/argentinamunicipal.com.ar\/argentina\/wp-json\/wp\/v2\/tags?post=109957"}],"curies":[{"name":"wp","href":"https:\/\/api.w.org\/{rel}","templated":true}]}}