{"id":109980,"date":"2020-12-09T05:16:11","date_gmt":"2020-12-09T08:16:11","guid":{"rendered":"http:\/\/argentinamunicipal.com.ar\/argentina\/?p=109980"},"modified":"2020-12-08T20:18:56","modified_gmt":"2020-12-08T23:18:56","slug":"pymes-y-sindicalistas-quieren-impulsar-una-nueva-ley-de-compre-argentino","status":"publish","type":"post","link":"http:\/\/argentinamunicipal.com.ar\/argentina\/pymes-y-sindicalistas-quieren-impulsar-una-nueva-ley-de-compre-argentino\/","title":{"rendered":"Pymes y sindicalistas quieren impulsar una nueva ley de \u00abCompre Argentino\u00bb"},"content":{"rendered":"<p>Buscan defender a la producci\u00f3n nacional tras la recesi\u00f3n que acumula tras a\u00f1os consecutivos y la crisis por la pandemia de coronavirus.<\/p>\n<p>Un grupo de empresarios pymes y sindicatos industriales presentar\u00e1n al Gobierno un proyecto de\u00a0ley de \u00abCompre Argentino\u00bb para ampliar los alcances de la legislaci\u00f3n actual, con el fin de \u00abdefender a la produccci\u00f3n nacional\u00bb.<\/p>\n<p>La inicitaiva es impulsada por dirigentes de Industriales Pymes Argentinos (IPA), la Mesa Nacional de Unidad Pyme, la Confederaci\u00f3n General del Trabajo (CGT) y la Central de Trabajadores Argentinos (CTA), entre otros.<\/p>\n<p>Seg\u00fan indicaron en un comunicado, las entidades decidieron impulsar\u00a0el proyecto de ley de \u00abCompre Argentino\u00bb, que busca \u00abampliar el alcance de la actual legislaci\u00f3n para incluir a las empresas subsidiarias o consignatarias del Estado en las compras a proveedores nacionales, como tambi\u00e9n contemplar la creaci\u00f3n de una etiqueta que reconoce a aquellas firmas que voluntariamente se adhieran a la norma\u00bb.<\/p>\n<p>El\u00a0presidente de IPA, Daniel Rosato,\u00a0afirm\u00f3: \u00abLa unidad de este espacio es resultado del di\u00e1logo que mostr\u00f3 que tanto las pymes industriales como los sindicatos del sector nos encontramos en el mismo camino, con la idea de que haya m\u00e1s producci\u00f3n nacional, que los trabajadores puedan recuperar el salario perdido durante la pandemia, y dejar de ver c\u00f3mo pasan las cosas para poder acompa\u00f1ar al Gobierno en la pol\u00edtica de la reindustrializaci\u00f3n\u00bb.<\/p>\n<p>El dirigente resalt\u00f3 que\u00a0\u00abdesde el espacio pyme, que somos los que generamos la mayor cantidad de puestos de trabajo, tenemos que presentar nuestras propuestas y formar una mesa industrial\u00bb.<\/p>\n<p>Por su parte, el secretario general adjunto de la CTA Aut\u00f3noma y secretario general de la Asociaci\u00f3n de Trabajadores del Estado (ATE),\u00a0Hugo Godoy, consider\u00f3 que \u00abno hay posibilidad de que se consolide una pol\u00edtica exportadora sin fortalecer el mercado interno\u00bb.<\/p>\n<p>\u00abEs un hito fundamental la creaci\u00f3n del frente empresario- sindical. Estamos absolutamente comprometidos con este espacio. Y en el momento en que presentemos un proyecto en el Congreso, en el Ministerio de Producci\u00f3n o en los lugares que sean necesarios, nos va a encontrar a todos unidos\u00bb, afirm\u00f3.<\/p>\n<p>En tanto, el secretario general de la Asociaci\u00f3n de Pilotos de L\u00edneas A\u00e9reas (APLA), Pablo Biro, destac\u00f3 que existe una \u00abobligaci\u00f3n moral\u00bb de impulsar el proyecto de ley de Compre Argentino. \u00abSi los empresarios generan empleo, van a generar sonrisas porque saben la alegr\u00eda que da a la familia el trabajo.\u00a0Por eso el objetivo es que llenemos de productos de nuestras pymes a toda la\u00a0econom\u00eda\u00a0argentina\u00bb, dijo.<\/p>\n<p>En tanto,\u00a0el secretario general de la Federaci\u00f3n Gr\u00e1fica Bonaerense, H\u00e9ctor Amichetti, llam\u00f3 a \u00abconformar un gran frente nacional\u00bb detr\u00e1s de \u00abun bloque decididamente firme para defender la producci\u00f3n nacional\u00bb.<\/p>\n<p>Subray\u00f3 la importancia del Compre Argentino al se\u00f1alar que \u00abes relevante poner una diferencia de lo que significa producir en el pa\u00eds, tanto desde el punto vista social como del econ\u00f3mico\u00bb.<\/p>\n<h6>Fuente: Minuto UNo<\/h6>\n","protected":false},"excerpt":{"rendered":"<p>Buscan defender a la producci\u00f3n nacional tras la recesi\u00f3n que acumula tras a\u00f1os consecutivos y la crisis por la pandemia de coronavirus.<\/p>\n","protected":false},"author":2,"featured_media":109981,"comment_status":"closed","ping_status":"closed","sticky":false,"template":"","format":"standard","meta":{"footnotes":""},"categories":[8],"tags":[21],"class_list":["post-109980","post","type-post","status-publish","format-standard","has-post-thumbnail","hentry","category-informe-nacional","tag-argentina"],"_links":{"self":[{"href":"http:\/\/argentinamunicipal.com.ar\/argentina\/wp-json\/wp\/v2\/posts\/109980","targetHints":{"allow":["GET"]}}],"collection":[{"href":"http:\/\/argentinamunicipal.com.ar\/argentina\/wp-json\/wp\/v2\/posts"}],"about":[{"href":"http:\/\/argentinamunicipal.com.ar\/argentina\/wp-json\/wp\/v2\/types\/post"}],"author":[{"embeddable":true,"href":"http:\/\/argentinamunicipal.com.ar\/argentina\/wp-json\/wp\/v2\/users\/2"}],"replies":[{"embeddable":true,"href":"http:\/\/argentinamunicipal.com.ar\/argentina\/wp-json\/wp\/v2\/comments?post=109980"}],"version-history":[{"count":0,"href":"http:\/\/argentinamunicipal.com.ar\/argentina\/wp-json\/wp\/v2\/posts\/109980\/revisions"}],"wp:featuredmedia":[{"embeddable":true,"href":"http:\/\/argentinamunicipal.com.ar\/argentina\/wp-json\/wp\/v2\/media\/109981"}],"wp:attachment":[{"href":"http:\/\/argentinamunicipal.com.ar\/argentina\/wp-json\/wp\/v2\/media?parent=109980"}],"wp:term":[{"taxonomy":"category","embeddable":true,"href":"http:\/\/argentinamunicipal.com.ar\/argentina\/wp-json\/wp\/v2\/categories?post=109980"},{"taxonomy":"post_tag","embeddable":true,"href":"http:\/\/argentinamunicipal.com.ar\/argentina\/wp-json\/wp\/v2\/tags?post=109980"}],"curies":[{"name":"wp","href":"https:\/\/api.w.org\/{rel}","templated":true}]}}