{"id":109986,"date":"2020-12-09T05:23:24","date_gmt":"2020-12-09T08:23:24","guid":{"rendered":"http:\/\/argentinamunicipal.com.ar\/argentina\/?p=109986"},"modified":"2020-12-08T20:26:54","modified_gmt":"2020-12-08T23:26:54","slug":"un-acuerdo-con-consenso-y-respaldo","status":"publish","type":"post","link":"http:\/\/argentinamunicipal.com.ar\/argentina\/un-acuerdo-con-consenso-y-respaldo\/","title":{"rendered":"Un acuerdo con consenso y respaldo"},"content":{"rendered":"<p>El Gobierno espera un programa con respaldo \u00abamplio\u00bb entre los sectores de poder. \u00abUn consenso que d\u00e9 credibilidad\u00bb, aseguran.<\/p>\n<p>Las negociaciones que la Argentina mantiene con el Fondo Monetario Internacional (FMI) avanzan con una expectativa de que el programa que se acuerde tenga un \u00abapoyo social amplio\u00bb que le otorgue \u00abcredibilidad y fortaleza\u00bb, y que de la misma manera cuente con el involucramiento del Congreso, afirmaron fuentes gubernamentales a la agencia de noticias T\u00e9lam.<\/p>\n<p>\u00abHay expectativa de que el programa tenga un apoyo social amplio\u00bb aseguraron las fuentes oficiales consultadas sobre la marcha del di\u00e1logo con el FMI, al se\u00f1alar que\u00a0los funcionarios del organismo \u00abno est\u00e1n mirando la din\u00e1mica de la fuerza pol\u00edtica, sino de qu\u00e9 manera se consigue un consenso suficientemente alto que d\u00e9 credibilidad y fortaleza al programa que se cierre\u00bb.<\/p>\n<p>La Argentina est\u00e1 renegociando una\u00a0deuda\u00a0con el FMI por unos 45.000 millones de d\u00f3lares como consecuencia de un pr\u00e9stamo stand-by, otorgado durante la gesti\u00f3n del expresidente Mauricio Macri, en 2018.<\/p>\n<p>En medio de esas negociaciones, en el Gobierno se insisti\u00f3 con que la Argentina\u00a0\u00abno va a entrar en un programa con el Fondo que vaya a perjudicar a los argentinos\u00bb, y se destac\u00f3 que \u00abel programa es el final del proceso con el involucramiento del Congreso de la Naci\u00f3n y es fundamental porque va a impactar en el futuro de los argentinos\u00bb.<\/p>\n<p>\u00abIr al\u00a0Congreso\u00a0fue idea nuestra y ha tenido buenas reacciones en el mundo. El FMI va entendiendo las particularidades de Argentina y sus restricciones y la misi\u00f3n t\u00e9cnica tiene mayor nivel de comprensi\u00f3n de la realidad argentina y las limitaciones de la pandemia y crisis que recibimos\u00bb, destacaron las fuentes.<\/p>\n<p>En relaci\u00f3n con los\u00a0tiempos de negociaci\u00f3n, en el Gobierno se insiste en que \u00abes un proceso donde los resultados llegan al final del proceso de discusi\u00f3n de la problem\u00e1tica, de los diagn\u00f3sticos\u00bb.<\/p>\n<p>En ese sentido se asegur\u00f3 que\u00a0\u00abno se est\u00e1 apurando ni ralentizando\u00bb\u00a0el proceso de negociaci\u00f3n, sino que tiene que ver con \u00abun proceso natural con las dificultades de hacerlo en una pandemia\u00bb.<\/p>\n<p>\u00abNosotros creemos que\u00a0el trabajo se tiene que hacer bien, no r\u00e1pido\u00a0y para hacerlo bien tiene que tener discusiones y elementos t\u00e9cnicos que den lugar a eso\u00bb, se explic\u00f3 en los despachos oficiales al tanto de la negociaci\u00f3n.<\/p>\n<p>Vale decir que el propio ministro\u00a0Mart\u00edn Guzm\u00e1n\u00a0se manifest\u00f3 en esta l\u00ednea cuando asever\u00f3 que \u00abel programa es de Argentina y hay un problema com\u00fan (con el FMI) que es el programa fallido de 2018 que se debe arreglar, que no funcion\u00f3, y fue m\u00e1s parte del problema que de la soluci\u00f3n\u00bb.<\/p>\n<p>\u00abTenemos que poder mirar hacia adelante y tener en claro hacia d\u00f3nde ir. Esto se soluciona saliendo, no qued\u00e1ndose en el problema y.en este marco hay que hacer las cosas de vuelta, bien y con cuidado\u00bb, se agreg\u00f3,<\/p>\n<p>En referencia al\u00a0esquema de pagos, las fuentes fueron categ\u00f3ricas al se\u00f1alar que \u00abhist\u00f3ricamente hay vocaci\u00f3n de pagar, no de no pagar y dentro de las condiciones que impone la pandemia se debe encontrar la forma de poder pagar y salir de este atolladero\u00bb.<\/p>\n<p>Finalmente, y para despejar dudas respecto de las obligaciones que asuma el pa\u00eds, las mismas fuentes se\u00f1alaron que\u00a0\u00abcualquier paquete del programa se define al final del programa. No hay puntos intermedios de transferencias o adelantos a cuenta de\u00bb.<\/p>\n<p>\u00abNo existe y es correcto que as\u00ed sea porque el programa es una integralidad. Tiene que ver con las pol\u00edticas, con las medidas, con los objetivos y las metas plurianuales. Es en el final del camino\u00bb, sentenci\u00f3.<\/p>\n<h6>Fuente: P\u00e1gina 12<\/h6>\n","protected":false},"excerpt":{"rendered":"<p>El Gobierno espera un programa con respaldo \u00abamplio\u00bb entre los sectores de poder. \u00abUn consenso que d\u00e9 credibilidad\u00bb, aseguran.\u00a0<\/p>\n","protected":false},"author":2,"featured_media":109987,"comment_status":"closed","ping_status":"closed","sticky":false,"template":"","format":"standard","meta":{"footnotes":""},"categories":[8],"tags":[21],"class_list":["post-109986","post","type-post","status-publish","format-standard","has-post-thumbnail","hentry","category-informe-nacional","tag-argentina"],"_links":{"self":[{"href":"http:\/\/argentinamunicipal.com.ar\/argentina\/wp-json\/wp\/v2\/posts\/109986","targetHints":{"allow":["GET"]}}],"collection":[{"href":"http:\/\/argentinamunicipal.com.ar\/argentina\/wp-json\/wp\/v2\/posts"}],"about":[{"href":"http:\/\/argentinamunicipal.com.ar\/argentina\/wp-json\/wp\/v2\/types\/post"}],"author":[{"embeddable":true,"href":"http:\/\/argentinamunicipal.com.ar\/argentina\/wp-json\/wp\/v2\/users\/2"}],"replies":[{"embeddable":true,"href":"http:\/\/argentinamunicipal.com.ar\/argentina\/wp-json\/wp\/v2\/comments?post=109986"}],"version-history":[{"count":0,"href":"http:\/\/argentinamunicipal.com.ar\/argentina\/wp-json\/wp\/v2\/posts\/109986\/revisions"}],"wp:featuredmedia":[{"embeddable":true,"href":"http:\/\/argentinamunicipal.com.ar\/argentina\/wp-json\/wp\/v2\/media\/109987"}],"wp:attachment":[{"href":"http:\/\/argentinamunicipal.com.ar\/argentina\/wp-json\/wp\/v2\/media?parent=109986"}],"wp:term":[{"taxonomy":"category","embeddable":true,"href":"http:\/\/argentinamunicipal.com.ar\/argentina\/wp-json\/wp\/v2\/categories?post=109986"},{"taxonomy":"post_tag","embeddable":true,"href":"http:\/\/argentinamunicipal.com.ar\/argentina\/wp-json\/wp\/v2\/tags?post=109986"}],"curies":[{"name":"wp","href":"https:\/\/api.w.org\/{rel}","templated":true}]}}