{"id":109989,"date":"2020-12-09T05:27:12","date_gmt":"2020-12-09T08:27:12","guid":{"rendered":"http:\/\/argentinamunicipal.com.ar\/argentina\/?p=109989"},"modified":"2020-12-08T20:29:08","modified_gmt":"2020-12-08T23:29:08","slug":"moroni-confirmo-que-en-septiembre-hubo-un-leve-aumento-del-empleo","status":"publish","type":"post","link":"http:\/\/argentinamunicipal.com.ar\/argentina\/moroni-confirmo-que-en-septiembre-hubo-un-leve-aumento-del-empleo\/","title":{"rendered":"Moroni confirm\u00f3 que en septiembre hubo un leve aumento del empleo"},"content":{"rendered":"<p>El ministro sostuvo que hay 470 mil trabajadores suspendidos despu\u00e9s de haber llegado a un pico de 770 mil. Dijo que en 2021 \u00ablos salarios y las jubilaciones le van a ganar a la inflaci\u00f3n\u201d.<\/p>\n<p>El ministro de Trabajo, Claudio Moroni, asegur\u00f3 que en septiembre hubo un leve crecimiento del empleo. \u00abEl empleo total, el asalariado y el independiente, viene creciendo, poco pero creciendo. En septiembre subi\u00f3 0,4 por ciento, lo cual representa a unas 114 mil personas\u00bb, sostuvo el ministro, y pronostic\u00f3 que el a\u00f1o que viene \u00ablos salarios van a crecer y las jubilaciones le van a ganar a la inflaci\u00f3n\u00bb.<\/p>\n<p>\u00abHay una buena evaluaci\u00f3n de las pol\u00edticas puestas en marcha para sostener el empleo. En los \u00faltimos meses hubo un repunte, lo cual permiti\u00f3 que bajaran mucho las suspensiones. En la actualidad hay 470 mil trabajadores suspendidos despu\u00e9s de haber llegado a un pico de 770 mil. Por otro lado, la industria manufacturera lleva cuatro meses de crecimiento de empleo, situaci\u00f3n que no se daba desde 2015\u00bb.<\/p>\n<p>En relaci\u00f3n a los meses venideros y su impacto sobre la situaci\u00f3n laboral, Moroni dijo que \u00abtenemos la esperanza de que la construcci\u00f3n de vivienda, que ya arranc\u00f3 y que es la que tiene mayor movilizaci\u00f3n del empleo, sea el boom\u00bb. Seg\u00fan el ministro, el primer objetivo del gobierno en materia laboral a la hora de enfrentar la crisis de la pandemia \u201cfue no perder las unidades productivas, especialmente en los sectores cr\u00edticos como\u00a0 turismo, gastronom\u00eda y espect\u00e1culos\u201d, en donde el Gobierno mantiene la asistencia.<\/p>\n<p>M\u00e1s all\u00e1 de la evoluci\u00f3n m\u00e1s reciente del empleo, Moroni reconoci\u00f3 que \u201cla tasa de desempleo creci\u00f3 mucho, hasta alcanzar el 13 por ciento, aunque esto no se dio por un aumento en la cantidad de desempleados, que es la misma pr\u00e1cticamente que el a\u00f1o pasado, unos 3.200.000. Al no poder moverse y no haber ofertas, la gente no sali\u00f3 a buscar trabajo, entonces lo que\u00a0cay\u00f3 fue la poblaci\u00f3n activa, y por esa raz\u00f3n aument\u00f3 el desempleo,\u00a0no porque hubiera m\u00e1s desempleados. Lo que cay\u00f3 es la poblaci\u00f3n activa que sal\u00eda a buscar trabajo, por eso creci\u00f3 la tasa\u201d, subray\u00f3 Moroni.<\/p>\n<p>Sobre la\u00a0prohibici\u00f3n de despidos y la doble indemnizaci\u00f3n, que seguir\u00e1 vigente al menos hasta fines de enero, el ministro asegur\u00f3 que, \u201cal igual que los otros planes, fueron\u00a0medidas extraordinarias y, al ir volviendo a la normalidad, se tender\u00e1 a una regulaci\u00f3n habitual\u201d. Tambi\u00e9n explic\u00f3 que \u00abpara cuando finalice el ATP hemos elevado los montos del Repro\u00a0para seguir asistiendo\u201d. \u00abLa idea es ir a un sistema de ayudas quiz\u00e1s m\u00e1s trabajoso para la empresa, porque quiz\u00e1s se le pida una informaci\u00f3n m\u00e1s detallada. Vamos a ir a un sistema m\u00e1s particularizado de asistencias, pero con la misma l\u00f3gica\u201d, agreg\u00f3.<\/p>\n<p>En relaci\u00f3n a las remuneraciones de la econom\u00eda, Moroni dijo que \u00abestamos muy contentos con la evoluci\u00f3n del salario real en un a\u00f1o espantoso para el mundo, que no pod\u00eda ser peor. Esto tiene que ver con la decisi\u00f3n de mantener las paritarias, lo cual a veces parece normal pero no es tan normal en un a\u00f1o terrible\u201d. Seg\u00fan confirm\u00f3, en promedio los sueldos perdieron en septiembre un 0,2 por ciento y destac\u00f3 que \u00abapareci\u00f3 el salario independiente creciendo por primera vez un 0,1 por ciento\u00bb. \u00abEn septiembre del 2018, el haber perd\u00eda 6,6 puntos y en septiembre del 2019, 3,4 puntos. As\u00ed que, al tener 0,2 de p\u00e9rdida en el peor a\u00f1o de la historia econ\u00f3mica argentina, yo dir\u00eda que es un \u00e9xito\u201d, argument\u00f3.<\/p>\n<p>Por otro lado, Moroni anticip\u00f3 que en 2021 \u00ablos salarios y las jubilaciones le van a ganar a la inflaci\u00f3n\u201d y dijo que \u201ccuando vayamos saliendo de la pandemia va a haber que hacer una reforma tributaria integral\u00bb.<\/p>\n<h6>Fuente: P\u00e1gina 12<\/h6>\n","protected":false},"excerpt":{"rendered":"<p>El ministro sostuvo que hay 470 mil trabajadores suspendidos despu\u00e9s de haber llegado a un pico de 770 mil. Dijo que en 2021 \u00ablos salarios y las jubilaciones le van a ganar a la inflaci\u00f3n\u201d.<\/p>\n","protected":false},"author":2,"featured_media":109990,"comment_status":"closed","ping_status":"closed","sticky":false,"template":"","format":"standard","meta":{"footnotes":""},"categories":[8],"tags":[21],"class_list":["post-109989","post","type-post","status-publish","format-standard","has-post-thumbnail","hentry","category-informe-nacional","tag-argentina"],"_links":{"self":[{"href":"http:\/\/argentinamunicipal.com.ar\/argentina\/wp-json\/wp\/v2\/posts\/109989","targetHints":{"allow":["GET"]}}],"collection":[{"href":"http:\/\/argentinamunicipal.com.ar\/argentina\/wp-json\/wp\/v2\/posts"}],"about":[{"href":"http:\/\/argentinamunicipal.com.ar\/argentina\/wp-json\/wp\/v2\/types\/post"}],"author":[{"embeddable":true,"href":"http:\/\/argentinamunicipal.com.ar\/argentina\/wp-json\/wp\/v2\/users\/2"}],"replies":[{"embeddable":true,"href":"http:\/\/argentinamunicipal.com.ar\/argentina\/wp-json\/wp\/v2\/comments?post=109989"}],"version-history":[{"count":0,"href":"http:\/\/argentinamunicipal.com.ar\/argentina\/wp-json\/wp\/v2\/posts\/109989\/revisions"}],"wp:featuredmedia":[{"embeddable":true,"href":"http:\/\/argentinamunicipal.com.ar\/argentina\/wp-json\/wp\/v2\/media\/109990"}],"wp:attachment":[{"href":"http:\/\/argentinamunicipal.com.ar\/argentina\/wp-json\/wp\/v2\/media?parent=109989"}],"wp:term":[{"taxonomy":"category","embeddable":true,"href":"http:\/\/argentinamunicipal.com.ar\/argentina\/wp-json\/wp\/v2\/categories?post=109989"},{"taxonomy":"post_tag","embeddable":true,"href":"http:\/\/argentinamunicipal.com.ar\/argentina\/wp-json\/wp\/v2\/tags?post=109989"}],"curies":[{"name":"wp","href":"https:\/\/api.w.org\/{rel}","templated":true}]}}