{"id":110034,"date":"2020-12-10T06:25:29","date_gmt":"2020-12-10T09:25:29","guid":{"rendered":"http:\/\/argentinamunicipal.com.ar\/argentina\/?p=110034"},"modified":"2020-12-10T06:25:29","modified_gmt":"2020-12-10T09:25:29","slug":"daniel-arroyo-sin-los-programas-sociales-la-indigencia-hubiera-sido-del-279-por-ciento","status":"publish","type":"post","link":"http:\/\/argentinamunicipal.com.ar\/argentina\/daniel-arroyo-sin-los-programas-sociales-la-indigencia-hubiera-sido-del-279-por-ciento\/","title":{"rendered":"Daniel Arroyo: \u00abSin los programas sociales, la indigencia hubiera sido del 27,9 por ciento\u00bb"},"content":{"rendered":"<p>El ministro de Desarrollo Social indic\u00f3 que en los sectores populares se comienza a ver que se genera una leve reactivaci\u00f3n de ocupaci\u00f3n \u201cen changas y en las obras de construcci\u00f3n\u201d.<\/p>\n<p>El ministro de Desarrollo Social, Daniel Arroyo, consider\u00f3 que, con la intervenci\u00f3n del Estado, se \u201clogr\u00f3 atenuar\u201d el incremento de la pobreza en la Argentina en el contexto de la pandemia por coronavirus, y destac\u00f3 que \u201cun conjunto de pol\u00edticas p\u00fablicas amortiguaron la ca\u00edda e impidieron que la indigencia llegara al 27,9 por ciento\u201d.<\/p>\n<p>\u201cHubo mucha presencia del Estado. Sin esa presencia, la indigencia hubiese llegado al 27,9 por ciento. De acuerdo al informe de la UCA, la indigencia llega a un 10 por ciento, y esa diferencia de m\u00e1s de 18 puntos se entiende por las pol\u00edticas p\u00fablicas que se pusieron en marcha para amortiguar la ca\u00edda\u00bb, dijo Arroyo en declaraciones a Radio 10.<\/p>\n<p>M\u00e1s temprano, en di\u00e1logo con radio Metro, el ministro asever\u00f3 que \u00abla situaci\u00f3n en la Argentina es cr\u00edtica, tenemos un 44 por ciento de pobreza, y el 60 por ciento de los chicos se encuentran en esa situaci\u00f3n\u00bb y remarc\u00f3 que \u00abdesde el Estado, con programas como el IFE y la asistencia alimentaria logramos amortiguar el impacto de estas cifras que podr\u00edan haber sido peores en medio de la pandemia\u00bb.<\/p>\n<p>\u00abDesde el Estado, con programas como el IFE y la asistencia alimentaria logramos amortiguar el impacto de estas cifras que podr\u00edan haber sido peores en medio de la pandemia\u00bb<\/p>\n<p>En ese sentido, el ministro indic\u00f3 que en los sectores populares se comienza a ver que se genera una leve reactivaci\u00f3n de ocupaci\u00f3n \u201cen changas y en las obras de construcci\u00f3n\u201d.<\/p>\n<p>\u201cEsto devino en las \u00faltimas semanas en una disminuci\u00f3n de la gente que concurre a los comedores. Hay gente que hace changas y trabaja en la construcci\u00f3n, y comienza a tener ingresos para poder comprarse sus propios alimentos\u201d, apunt\u00f3 el ministro.<\/p>\n<p>El titular de la cartera de Desarrollo Social consider\u00f3 que la actual coyuntura se supera \u201ccon la generaci\u00f3n de puestos de trabajo\u201d, y afirm\u00f3, en ese sentido, que su gesti\u00f3n trabaja en la concreci\u00f3n de \u201ctres objetivos\u201d.<\/p>\n<p>\u201cQueremos generar 300 mil puestos de trabajo con un plan que este a\u00f1o nos permitir\u00e1 urbanizar 400 barrios populares. Tenemos que abrir calles, urbanizar y llevar servicios. Tambi\u00e9n nos proponemos construir 800 jardines de infantes y maternales. Son ejes que van a producir los cambios estructurales que necesitamos como sociedad\u201d, sostuvo Arroyo.<\/p>\n<p>\u201cQueremos generar 300 mil puestos de trabajo con un plan que este a\u00f1o nos permitir\u00e1 urbanizar 400 barrios populares. Tenemos que abrir calles, urbanizar y llevar servicios\u00bb<\/p>\n<p>El funcionario indic\u00f3 que su cartera recibi\u00f3 en los \u00faltimos d\u00edas un fideicomiso de 11.000 millones de pesos para comenzar con la tarea de urbanizar en el plazo de diez a\u00f1os a 4400 barrios populares (400 por a\u00f1o) en los que viven cuatro millones de argentinos.<\/p>\n<p>\u201cTenemos cuatro millones de argentinos que viven en condiciones de vida similares a las del siglo XIX, hacinados y sin servicios b\u00e1sicos. El objetivo es urbanizar en diez a\u00f1os 4400 barrios. Para ello debemos ver c\u00f3mo est\u00e1n en cada uno de esos barrios y ver en qu\u00e9 situaci\u00f3n est\u00e1n esas tierras que debemos urbanizar\u201d, fundament\u00f3.<\/p>\n<p>Por \u00faltimo, Arroyo se manifest\u00f3 a favor del proyecto de Interrupci\u00f3n Voluntaria del Embarazo (IVE) que impulsa el Poder Ejecutivo y que el jueves se debatir\u00e1 en Diputados, al considerar que la cuesti\u00f3n del aborto \u201ces un tema de salud p\u00fablica\u00bb.<\/p>\n<p>\u201cHace dos a\u00f1os, como diputado vot\u00e9 a favor. Soy cat\u00f3lico, pero entiendo que es un tema de salud p\u00fablica y que las mujeres no pueden ser penalizadas\u201d, puntualiz\u00f3.<\/p>\n<h6>Fuente: Telam<\/h6>\n","protected":false},"excerpt":{"rendered":"<p>El ministro de Desarrollo Social indic\u00f3 que en los sectores populares se comienza a ver que se genera una leve reactivaci\u00f3n de ocupaci\u00f3n \u201cen changas y en las obras de construcci\u00f3n\u201d.<\/p>\n","protected":false},"author":2,"featured_media":110035,"comment_status":"closed","ping_status":"closed","sticky":false,"template":"","format":"standard","meta":{"footnotes":""},"categories":[8],"tags":[21],"class_list":["post-110034","post","type-post","status-publish","format-standard","has-post-thumbnail","hentry","category-informe-nacional","tag-argentina"],"_links":{"self":[{"href":"http:\/\/argentinamunicipal.com.ar\/argentina\/wp-json\/wp\/v2\/posts\/110034","targetHints":{"allow":["GET"]}}],"collection":[{"href":"http:\/\/argentinamunicipal.com.ar\/argentina\/wp-json\/wp\/v2\/posts"}],"about":[{"href":"http:\/\/argentinamunicipal.com.ar\/argentina\/wp-json\/wp\/v2\/types\/post"}],"author":[{"embeddable":true,"href":"http:\/\/argentinamunicipal.com.ar\/argentina\/wp-json\/wp\/v2\/users\/2"}],"replies":[{"embeddable":true,"href":"http:\/\/argentinamunicipal.com.ar\/argentina\/wp-json\/wp\/v2\/comments?post=110034"}],"version-history":[{"count":0,"href":"http:\/\/argentinamunicipal.com.ar\/argentina\/wp-json\/wp\/v2\/posts\/110034\/revisions"}],"wp:featuredmedia":[{"embeddable":true,"href":"http:\/\/argentinamunicipal.com.ar\/argentina\/wp-json\/wp\/v2\/media\/110035"}],"wp:attachment":[{"href":"http:\/\/argentinamunicipal.com.ar\/argentina\/wp-json\/wp\/v2\/media?parent=110034"}],"wp:term":[{"taxonomy":"category","embeddable":true,"href":"http:\/\/argentinamunicipal.com.ar\/argentina\/wp-json\/wp\/v2\/categories?post=110034"},{"taxonomy":"post_tag","embeddable":true,"href":"http:\/\/argentinamunicipal.com.ar\/argentina\/wp-json\/wp\/v2\/tags?post=110034"}],"curies":[{"name":"wp","href":"https:\/\/api.w.org\/{rel}","templated":true}]}}