{"id":110043,"date":"2020-12-10T06:35:16","date_gmt":"2020-12-10T09:35:16","guid":{"rendered":"http:\/\/argentinamunicipal.com.ar\/argentina\/?p=110043"},"modified":"2020-12-10T06:35:16","modified_gmt":"2020-12-10T09:35:16","slug":"guzman-proyecto-que-el-2021-sera-un-ano-de-crecimiento-para-la-argentina","status":"publish","type":"post","link":"http:\/\/argentinamunicipal.com.ar\/argentina\/guzman-proyecto-que-el-2021-sera-un-ano-de-crecimiento-para-la-argentina\/","title":{"rendered":"Guzm\u00e1n proyect\u00f3 que el 2021 ser\u00e1 un a\u00f1o de crecimiento para la Argentina"},"content":{"rendered":"<p>El ministro de Econom\u00eda destac\u00f3 que \u00aben los \u00faltimos meses hubo signos positivos\u00bb, que la brecha del tipo de cambio se redujo \u00absignificativamente\u00bb y que se pondr\u00e1 el \u00abfoco\u00bb en la inflaci\u00f3n.<\/p>\n<p>El ministro de Econom\u00eda, Mart\u00edn Guzm\u00e1n, asegur\u00f3 que 2021 va a ser un \u00abbuen a\u00f1o\u00bb con \u00abcrecimiento econ\u00f3mico\u00bb para Argentina, asegur\u00f3 que el Gobierno continuar\u00e1 con la lucha contra la inflaci\u00f3n y plante\u00f3 que el Estado jugar\u00e1 \u00abun rol de regulaci\u00f3n para promover la competencia\u00bb.<\/p>\n<p>\u00abYa hay se\u00f1ales positivas en los \u00faltimos meses. El 2021 va a ser un buen a\u00f1o en t\u00e9rminos de crecimiento econ\u00f3mico. La inflaci\u00f3n es la variable macroecon\u00f3mica en la que m\u00e1s pondremos el foco. Esperamos reducirla a\u00f1o tras a\u00f1o\u00bb, dijo Guzm\u00e1n durante una videoconferencia organizado por Peterson Institute for International Economics, un think tank privado e independiente de Washington.<\/p>\n<p>Guzm\u00e1n destac\u00f3 que \u00aben los \u00faltimos meses hubo signos positivos\u00bb, pues \u00abla brecha del tipo de cambio se ha reducido significativamente durante el \u00faltimo mes y medio\u00bb.<\/p>\n<p>\u00abEstamos trabajando para reducir esa brecha. Estamos estableciendo objetivos de acumulaci\u00f3n de reservas de moneda extranjera en los pr\u00f3ximos a\u00f1os\u00bb, subray\u00f3.<\/p>\n<p>El ministro rese\u00f1\u00f3 que \u00abArgentina firm\u00f3 en 2018 un acuerdo stand-by con el FMI que no dio resultado. El pa\u00eds vivi\u00f3 una gran recesi\u00f3n, la deuda era insostenible y en 2020 la pandemia golpe\u00f3 al pa\u00eds, esto llev\u00f3 a la necesidad de recurrir a\u00fan m\u00e1s al financiamiento monetario\u00bb.<\/p>\n<p>El ministro reiter\u00f3 que en el pasado las relaciones de Argentina con el FMI \u00abhan sido turbulentas\u00bb, y que \u00abprograma tras programa, hubo fallas que crearon desconfianza de nuestra sociedad frente al FMI\u00bb.<\/p>\n<p>Ante esa situaci\u00f3n, resalt\u00f3 que el presidente Alberto Fern\u00e1ndez y la directora gerenta del FMI, Kristalina Georgieva, adoptaron \u00abuna actitud muy positiva y constructiva para mirar hacia adelante, hacia un compromiso constructivo\u00bb.<\/p>\n<p>El funcionario explic\u00f3 que desde el Gobierno se est\u00e1 \u00abprofundizando el desarrollo del mercado de capitales, incrementar los niveles de inversi\u00f3n en el pa\u00eds y necesitamos aumentar los niveles de ahorro en activos en nuestra moneda. Hemos visto resultados positivos durante el a\u00f1o\u00bb.<\/p>\n<p>Guzm\u00e1n tambi\u00e9n adelant\u00f3 que se est\u00e1n abordando \u00abpol\u00edticas de competencia: el Estado jugar\u00e1 un rol de regulaci\u00f3n para promover la competencia\u00bb<\/p>\n<p>Acept\u00f3 que \u00aben cuanto a infraestructura y log\u00edstica, hay aspectos que deben mejorarse. Adoptamos un plan para el desarrollo del gas, que ya ha mostrado acciones positivas\u00bb y proyect\u00f3 que \u00abesto nos permitir\u00e1 ser menos dependientes en la importaci\u00f3n de gas\u00bb.<\/p>\n<p>\u00abAsimismo, el Congreso aprob\u00f3 un proyecto de ley para el desarrollo del sector de la econom\u00eda del conocimiento\u00bb, enfatiz\u00f3.<\/p>\n<p>Guzm\u00e1n a\u00f1adi\u00f3 que durante este a\u00f1o hubo \u00abun proceso de reestructuraci\u00f3n de deuda soberana que fue muy importante\u00bb, donde \u00abel FMI jug\u00f3 un papel positivo con su an\u00e1lisis sobre la sostenibilidad\u00bb .<\/p>\n<p>\u00abEn septiembre finalizamos la reestructuraci\u00f3n, y esto le da m\u00e1s espacio a Argentina para volver hacia un camino de estabilidad macroecon\u00f3mica\u00bb, asegur\u00f3 el ministro.<\/p>\n<p>En cuanto al camino a seguir, desde el Gobierno explic\u00f3 que se est\u00e1 \u00abtrabajando en un programa plurianual para hacer algo completamente inusual en Argentina, que es que el programa con el FMI se someta al Congreso para su aprobaci\u00f3n\u00bb.<\/p>\n<p>\u00abQueremos -continu\u00f3- que sea una pol\u00edtica de Estado, se necesitan consensos a nivel pol\u00edtico y social para solucionar los problemas estructurales que el pa\u00eds sufre desde hace d\u00e9cadas. La sostenibilidad de la deuda es pol\u00edtica de Estado\u00bb.<\/p>\n<h6>Fuente: Telam<\/h6>\n","protected":false},"excerpt":{"rendered":"<p>El ministro de Econom\u00eda destac\u00f3 que \u00aben los \u00faltimos meses hubo signos positivos\u00bb, que la brecha del tipo de cambio se redujo \u00absignificativamente\u00bb y que se pondr\u00e1 el \u00abfoco\u00bb en la inflaci\u00f3n.<\/p>\n","protected":false},"author":2,"featured_media":110044,"comment_status":"closed","ping_status":"closed","sticky":false,"template":"","format":"standard","meta":{"footnotes":""},"categories":[8],"tags":[21],"class_list":["post-110043","post","type-post","status-publish","format-standard","has-post-thumbnail","hentry","category-informe-nacional","tag-argentina"],"_links":{"self":[{"href":"http:\/\/argentinamunicipal.com.ar\/argentina\/wp-json\/wp\/v2\/posts\/110043","targetHints":{"allow":["GET"]}}],"collection":[{"href":"http:\/\/argentinamunicipal.com.ar\/argentina\/wp-json\/wp\/v2\/posts"}],"about":[{"href":"http:\/\/argentinamunicipal.com.ar\/argentina\/wp-json\/wp\/v2\/types\/post"}],"author":[{"embeddable":true,"href":"http:\/\/argentinamunicipal.com.ar\/argentina\/wp-json\/wp\/v2\/users\/2"}],"replies":[{"embeddable":true,"href":"http:\/\/argentinamunicipal.com.ar\/argentina\/wp-json\/wp\/v2\/comments?post=110043"}],"version-history":[{"count":0,"href":"http:\/\/argentinamunicipal.com.ar\/argentina\/wp-json\/wp\/v2\/posts\/110043\/revisions"}],"wp:featuredmedia":[{"embeddable":true,"href":"http:\/\/argentinamunicipal.com.ar\/argentina\/wp-json\/wp\/v2\/media\/110044"}],"wp:attachment":[{"href":"http:\/\/argentinamunicipal.com.ar\/argentina\/wp-json\/wp\/v2\/media?parent=110043"}],"wp:term":[{"taxonomy":"category","embeddable":true,"href":"http:\/\/argentinamunicipal.com.ar\/argentina\/wp-json\/wp\/v2\/categories?post=110043"},{"taxonomy":"post_tag","embeddable":true,"href":"http:\/\/argentinamunicipal.com.ar\/argentina\/wp-json\/wp\/v2\/tags?post=110043"}],"curies":[{"name":"wp","href":"https:\/\/api.w.org\/{rel}","templated":true}]}}