{"id":110064,"date":"2020-12-10T07:45:41","date_gmt":"2020-12-10T10:45:41","guid":{"rendered":"http:\/\/argentinamunicipal.com.ar\/argentina\/?p=110064"},"modified":"2020-12-10T07:45:41","modified_gmt":"2020-12-10T10:45:41","slug":"impresionante-fila-para-buscar-trabajo-en-santa-fe","status":"publish","type":"post","link":"http:\/\/argentinamunicipal.com.ar\/argentina\/impresionante-fila-para-buscar-trabajo-en-santa-fe\/","title":{"rendered":"Impresionante fila para buscar trabajo en Santa Fe"},"content":{"rendered":"<p>Al menos 300 personas hicieron cola en la peatonal de la capital provincial para diferentes puestos en una cafeter\u00eda que est\u00e1 por abrir sobre esa calle<\/p>\n<p>Este mi\u00e9rcoles, la esquina de Suipacha y San Mart\u00edn se vio concurrida por personas con curriculum vitae en mano para presentar en una cafeter\u00eda que est\u00e1 por abrir en ese lugar. La cita era para esta ma\u00f1ana de 8 a 12 y minutos antes ya hab\u00eda una fila de unas 150 personas. Para pasado el mediod\u00eda desde la empresa estimaron haber recibido al menos 300 solicitudes de empleo.<\/p>\n<p>Los puestos disponibles de personal para la nueva cafeter\u00eda de Franco Colella son: sal\u00f3n, barra, cocina, pasteler\u00eda y mantenimiento. El anuncio de b\u00fasqueda se hizo a trav\u00e9s de las redes sociales de la empresa el s\u00e1bado pasado, con la cita para este mi\u00e9rcoles y con la advertencia de que no se tomaban CV de manera online. En poco tiempo el aviso se hizo viral entre las personas que buscan empleo en medio de una situaci\u00f3n de crisis y pandemia, y el reflejo de la necesidad de encontrar trabajo se vio esta ma\u00f1ana sobre la peatonal.<\/p>\n<p>Hubo al menos dos cuadras de cola de personas que esperaron bajo el sol y el calor con sus antecedentes laborales impresos. Algunos presentes manifestaron estar buscando desde hace tiempo \u00abcualquier cosa\u00bb y expresaron que hay dificultades para hallar empleos.<\/p>\n<h6>Fuente: Uno<\/h6>\n","protected":false},"excerpt":{"rendered":"<p>Al menos 300 personas hicieron cola en la peatonal de la capital provincial para diferentes puestos en una cafeter\u00eda que est\u00e1 por abrir sobre esa calle<br \/>\n\u00a0<\/p>\n","protected":false},"author":2,"featured_media":110065,"comment_status":"closed","ping_status":"closed","sticky":false,"template":"","format":"standard","meta":{"footnotes":""},"categories":[2],"tags":[10],"class_list":["post-110064","post","type-post","status-publish","format-standard","has-post-thumbnail","hentry","category-informe-municipal","tag-santa-fe"],"_links":{"self":[{"href":"http:\/\/argentinamunicipal.com.ar\/argentina\/wp-json\/wp\/v2\/posts\/110064","targetHints":{"allow":["GET"]}}],"collection":[{"href":"http:\/\/argentinamunicipal.com.ar\/argentina\/wp-json\/wp\/v2\/posts"}],"about":[{"href":"http:\/\/argentinamunicipal.com.ar\/argentina\/wp-json\/wp\/v2\/types\/post"}],"author":[{"embeddable":true,"href":"http:\/\/argentinamunicipal.com.ar\/argentina\/wp-json\/wp\/v2\/users\/2"}],"replies":[{"embeddable":true,"href":"http:\/\/argentinamunicipal.com.ar\/argentina\/wp-json\/wp\/v2\/comments?post=110064"}],"version-history":[{"count":0,"href":"http:\/\/argentinamunicipal.com.ar\/argentina\/wp-json\/wp\/v2\/posts\/110064\/revisions"}],"wp:featuredmedia":[{"embeddable":true,"href":"http:\/\/argentinamunicipal.com.ar\/argentina\/wp-json\/wp\/v2\/media\/110065"}],"wp:attachment":[{"href":"http:\/\/argentinamunicipal.com.ar\/argentina\/wp-json\/wp\/v2\/media?parent=110064"}],"wp:term":[{"taxonomy":"category","embeddable":true,"href":"http:\/\/argentinamunicipal.com.ar\/argentina\/wp-json\/wp\/v2\/categories?post=110064"},{"taxonomy":"post_tag","embeddable":true,"href":"http:\/\/argentinamunicipal.com.ar\/argentina\/wp-json\/wp\/v2\/tags?post=110064"}],"curies":[{"name":"wp","href":"https:\/\/api.w.org\/{rel}","templated":true}]}}