{"id":110073,"date":"2020-12-10T08:04:12","date_gmt":"2020-12-10T11:04:12","guid":{"rendered":"http:\/\/argentinamunicipal.com.ar\/argentina\/?p=110073"},"modified":"2020-12-10T08:04:12","modified_gmt":"2020-12-10T11:04:12","slug":"el-40-por-ciento-de-los-inquilinos-de-la-provincia-de-santa-fe-estan-atrasados-en-pagos","status":"publish","type":"post","link":"http:\/\/argentinamunicipal.com.ar\/argentina\/el-40-por-ciento-de-los-inquilinos-de-la-provincia-de-santa-fe-estan-atrasados-en-pagos\/","title":{"rendered":"El 40 por ciento de los inquilinos de la provincia de Santa Fe est\u00e1n atrasados en pagos"},"content":{"rendered":"<p>Un estudio revel\u00f3 la profundizaci\u00f3n de la crisis econ\u00f3mica de las familias inquilinas y la crisis habitacional producto de la falta de control del cumplimiento de la ley de alquileres.<\/p>\n<p>Seg\u00fan una\u00a0encuesta realizada\u00a0en diciembre en todo el pa\u00eds por la Federaci\u00f3n de Inquilinos Nacional, los ingresos totales del hogar dedicados a alquilar asciende al 56.1% mientras que en el mes de octubre fue del 51.7%. Adem\u00e1s, el 39,9% de los inquilinos argentinos se encuentra endeudado.<\/p>\n<p>En\u00a0Rosario, se estima que hay unos\u00a0120 mil inquilinos\u00a0que est\u00e1n endeudados o con dificultades para sostener los gastos de su vivienda. Similar panorama para la\u00a0capital provincial, donde se proyectan unos\u00a0100 mil inquilinos\u00a0con imposibilidades de pago.<\/p>\n<p>Los resultados indican la profundizaci\u00f3n de la crisis econ\u00f3mica de las familias inquilinas y la crisis habitacional producto de la falta de control del cumplimiento de la ley de alquileres. A este marco de situaci\u00f3n se agrega el golpe de mercado en los precios de los alquileres.<\/p>\n<p>De acuerdo a la encuesta nacional, el\u00a0pago\u00a0del alquiler se lleva una porci\u00f3n cada vez m\u00e1s grande de los ingresos del hogar: este mes represent\u00f3 el 56,1 %, mientras que en el mes de octubre fue del 51.7%.<\/p>\n<p>A poco de iniciarse el aislamiento social, preventivo y obligatorio para evitar el crecimiento de los contagios de coronavirus, en marzo pasado, el gobierno nacional dispuso el congelamiento de los precios de los alquileres, la suspensi\u00f3n de los desalojos y la posibilidad de financiar en cuotas sin inter\u00e9s los aumentos estipulados en los contratos. La medida alcanzaba hasta el 30 de septiembre, pero otro decreto prorrog\u00f3 esta fecha hasta el pr\u00f3ximo 31 de enero.<\/p>\n<p>Sin embargo, las defensor\u00edas del pueblo\u00a0de cada distrito sostuvieron que en el \u00faltimo tiempo se duplic\u00f3 la cantidad de consultas por aumentos en el alquiler durante la pandemia pese a las disposiciones nacionales.<\/p>\n<p>Al momento de\u00a0renovar los contratos, los propietarios exigen subas de hasta el 80 %, duplicando la inflaci\u00f3n interanual del 37,24 % medida por el Indec. En consecuencia, el incumplimiento es doble: se desconoce la pr\u00f3rroga de la finalizaci\u00f3n de los contratos y la suspensi\u00f3n de subas en los precios de las locaciones.<\/p>\n<p>Entre los motivos de consulta, se alistan tambi\u00e9n el desconocimiento de la prohibici\u00f3n de iniciar acciones de\u00a0desalojos\u00a0o las inquietudes sobre los pasos necesarios para rescindir un contrato frente a la imposibilidad de pago.<\/p>\n<h6>Fuente: Sin Mordaza<\/h6>\n","protected":false},"excerpt":{"rendered":"<p>Un estudio revel\u00f3 la profundizaci\u00f3n de la crisis econ\u00f3mica de las familias inquilinas y la crisis habitacional producto de la falta de control del cumplimiento de la ley de alquileres.<\/p>\n","protected":false},"author":2,"featured_media":110074,"comment_status":"closed","ping_status":"closed","sticky":false,"template":"","format":"standard","meta":{"footnotes":""},"categories":[65],"tags":[10],"class_list":["post-110073","post","type-post","status-publish","format-standard","has-post-thumbnail","hentry","category-provincias","tag-santa-fe"],"_links":{"self":[{"href":"http:\/\/argentinamunicipal.com.ar\/argentina\/wp-json\/wp\/v2\/posts\/110073","targetHints":{"allow":["GET"]}}],"collection":[{"href":"http:\/\/argentinamunicipal.com.ar\/argentina\/wp-json\/wp\/v2\/posts"}],"about":[{"href":"http:\/\/argentinamunicipal.com.ar\/argentina\/wp-json\/wp\/v2\/types\/post"}],"author":[{"embeddable":true,"href":"http:\/\/argentinamunicipal.com.ar\/argentina\/wp-json\/wp\/v2\/users\/2"}],"replies":[{"embeddable":true,"href":"http:\/\/argentinamunicipal.com.ar\/argentina\/wp-json\/wp\/v2\/comments?post=110073"}],"version-history":[{"count":0,"href":"http:\/\/argentinamunicipal.com.ar\/argentina\/wp-json\/wp\/v2\/posts\/110073\/revisions"}],"wp:featuredmedia":[{"embeddable":true,"href":"http:\/\/argentinamunicipal.com.ar\/argentina\/wp-json\/wp\/v2\/media\/110074"}],"wp:attachment":[{"href":"http:\/\/argentinamunicipal.com.ar\/argentina\/wp-json\/wp\/v2\/media?parent=110073"}],"wp:term":[{"taxonomy":"category","embeddable":true,"href":"http:\/\/argentinamunicipal.com.ar\/argentina\/wp-json\/wp\/v2\/categories?post=110073"},{"taxonomy":"post_tag","embeddable":true,"href":"http:\/\/argentinamunicipal.com.ar\/argentina\/wp-json\/wp\/v2\/tags?post=110073"}],"curies":[{"name":"wp","href":"https:\/\/api.w.org\/{rel}","templated":true}]}}