{"id":110116,"date":"2020-12-10T14:18:34","date_gmt":"2020-12-10T17:18:34","guid":{"rendered":"http:\/\/argentinamunicipal.com.ar\/argentina\/?p=110116"},"modified":"2020-12-10T14:18:34","modified_gmt":"2020-12-10T17:18:34","slug":"no-hay-democracia-posible-sin-respeto-por-los-derechos-humanos","status":"publish","type":"post","link":"http:\/\/argentinamunicipal.com.ar\/argentina\/no-hay-democracia-posible-sin-respeto-por-los-derechos-humanos\/","title":{"rendered":"No hay democracia posible sin respeto por los derechos humanos"},"content":{"rendered":"<p>El 10 de diciembre de 1983, hace ya 37 a\u00f1os, se restituy\u00f3 la democracia en la Argentina, democracia que hab\u00eda sido arrebatada por gobiernos de facto de las formas m\u00e1s sangrientas y perversas que se puedan imaginar.<\/p>\n<p>Desde que comenzamos a caminar por la plaza, a cada paso, con cada reclamo, fuimos construyendo el NUNCA M\u00c1S, hace 37 a\u00f1os esa plegaria comenzaba a transformarse en denuncia y un a\u00f1o m\u00e1s tarde ser\u00eda la conclusi\u00f3n del informe de la Conadep.<\/p>\n<p>Largo fue el camino, muchas las l\u00e1grimas pero tambi\u00e9n muchos los abrazos, siempre interminables, siempre fraternales.<\/p>\n<p>En el \u00e1mbito nacional esta fecha representa el D\u00eda de la Democracia desde el a\u00f1o 2007, mientras que en el plano internacional es el D\u00eda de los Derechos Humanos debido a desde el a\u00f1o 1948 la Asamblea General de la ONU aprob\u00f3 la Declaraci\u00f3n Universal de los Derechos del Hombre que proclama los derechos inalienables que corresponden a toda persona como ser humano, independientemente de su raza, color, religi\u00f3n, sexo, idioma, opini\u00f3n pol\u00edtica o de otra \u00edndole, origen nacional o social, posici\u00f3n econ\u00f3mica, nacimiento o cualquier otra condici\u00f3n.<\/p>\n<p>Parece mentira pero aun hoy en el 2020 algunos no la tienen muy presente o bien miran para un costado.<\/p>\n<p>Por eso, la democracia tenemos que defenderla todos los d\u00edas, y la mejor forma de defenderla es militar el respeto por eso derechos inalienables, en todos los lugares del mundo, todos los d\u00edas, sin tenerle miedo a la palabra militancia, porque justamente de esto se trata.<\/p>\n<p>As\u00ed que con mucha alegr\u00eda festejamos este d\u00eda, porque no hay democracia posible sin respeto por los derechos humanos.<\/p>\n<p>Por\u00a0Madres de Plaza de Mayo-L\u00ednea Fundadora<\/p>\n<h6>Fuente: P\u00e1gina 12<\/h6>\n","protected":false},"excerpt":{"rendered":"<p>El 10 de diciembre de 1983, hace ya 37 a\u00f1os, se restituy\u00f3 la democracia en la Argentina, democracia que hab\u00eda sido arrebatada por gobiernos de facto de las formas m\u00e1s sangrientas y perversas que se puedan imaginar.<\/p>\n","protected":false},"author":2,"featured_media":110117,"comment_status":"closed","ping_status":"closed","sticky":false,"template":"","format":"standard","meta":{"footnotes":""},"categories":[8],"tags":[21],"class_list":["post-110116","post","type-post","status-publish","format-standard","has-post-thumbnail","hentry","category-informe-nacional","tag-argentina"],"_links":{"self":[{"href":"http:\/\/argentinamunicipal.com.ar\/argentina\/wp-json\/wp\/v2\/posts\/110116","targetHints":{"allow":["GET"]}}],"collection":[{"href":"http:\/\/argentinamunicipal.com.ar\/argentina\/wp-json\/wp\/v2\/posts"}],"about":[{"href":"http:\/\/argentinamunicipal.com.ar\/argentina\/wp-json\/wp\/v2\/types\/post"}],"author":[{"embeddable":true,"href":"http:\/\/argentinamunicipal.com.ar\/argentina\/wp-json\/wp\/v2\/users\/2"}],"replies":[{"embeddable":true,"href":"http:\/\/argentinamunicipal.com.ar\/argentina\/wp-json\/wp\/v2\/comments?post=110116"}],"version-history":[{"count":0,"href":"http:\/\/argentinamunicipal.com.ar\/argentina\/wp-json\/wp\/v2\/posts\/110116\/revisions"}],"wp:featuredmedia":[{"embeddable":true,"href":"http:\/\/argentinamunicipal.com.ar\/argentina\/wp-json\/wp\/v2\/media\/110117"}],"wp:attachment":[{"href":"http:\/\/argentinamunicipal.com.ar\/argentina\/wp-json\/wp\/v2\/media?parent=110116"}],"wp:term":[{"taxonomy":"category","embeddable":true,"href":"http:\/\/argentinamunicipal.com.ar\/argentina\/wp-json\/wp\/v2\/categories?post=110116"},{"taxonomy":"post_tag","embeddable":true,"href":"http:\/\/argentinamunicipal.com.ar\/argentina\/wp-json\/wp\/v2\/tags?post=110116"}],"curies":[{"name":"wp","href":"https:\/\/api.w.org\/{rel}","templated":true}]}}