{"id":110129,"date":"2020-12-11T06:25:04","date_gmt":"2020-12-11T09:25:04","guid":{"rendered":"http:\/\/argentinamunicipal.com.ar\/argentina\/?p=110129"},"modified":"2020-12-11T06:25:04","modified_gmt":"2020-12-11T09:25:04","slug":"alberto-fernandez-fuimos-unos-guerreros-contra-la-adversidad","status":"publish","type":"post","link":"http:\/\/argentinamunicipal.com.ar\/argentina\/alberto-fernandez-fuimos-unos-guerreros-contra-la-adversidad\/","title":{"rendered":"Alberto Fern\u00e1ndez: \u00abFuimos unos guerreros contra la adversidad\u00bb"},"content":{"rendered":"<p>El presidente se\u00f1al\u00f3 que conduce \u00abun gobierno que no se hizo el distra\u00eddo con las necesidades de millones de argentinos\u00bb. Cuestion\u00f3 a la Corte y la herencia \u00abruinosa\u00bb que dej\u00f3 el macrismo.<\/p>\n<p>\u00abDentro de todo lo negativo que tuvo la pandemia, yo estoy muy satisfecho con lo que hicimos. Fuimos unos guerreros contra la adversidad\u00bb, sostuvo el presidente Alberto Fern\u00e1ndez a modo de s\u00edntesis de lo que fue su primer a\u00f1o de gobierno. En ocasi\u00f3n del primer aniversario del inicio de su presidencia, Alberto Fern\u00e1ndez particip\u00f3 en numerosas actividades y entrevistas y realiz\u00f3 un extenso balance de su gesti\u00f3n, en el que destac\u00f3 las pol\u00edticas econ\u00f3micas y sociales impulsadas en el \u00abdesconocido\u00bb contexto de la pandemia. \u00abTuvimos que gobernar lo desconocido. Sabemos que este a\u00f1o que se va no hicimos todo lo que esperabas, pero s\u00ed hicimos lo que no pod\u00eda esperar\u00bb, resumi\u00f3, a modo de t\u00edtulo descriptivo, en sus redes sociales.<\/p>\n<p>\u00abEsta es la circunstancia que nos toc\u00f3, uno no elige cuando gobierna y a nosotros nos toc\u00f3 el peor escenario posible. Pero cuando uno revisa y ve la gente que nos acompa\u00f1\u00f3 nos percatamos de que pudimos llevar Salud a todo aquel que nos demand\u00f3 atenci\u00f3n sanitaria, que no hemos tenido un solo episodio de saqueos o levantamientos sociales, que hemos garantizado que todos los argentinos tengan comida. Hemos hecho lo que deb\u00edamos hacer\u00bb, afirm\u00f3 Alberto Fern\u00e1ndez durante una entrevista a C5N en la que defendi\u00f3 su gobierno.<\/p>\n<p>A modo de balance, el presidente destac\u00f3 las pol\u00edticas de apoyo econ\u00f3mico que el gobierno nacional impuls\u00f3 para hacer frente a las crisis por la pandemia: \u00abSi no hubi\u00e9ramos hecho todo lo que hicimos este a\u00f1o en materia social, la UCA dice que la indigencia no ser\u00eda del 10 por ciento, sino que ser\u00eda del 27 por ciento y la pobreza no ser\u00eda del 44 sino 10 puntos m\u00e1s\u00bb, explic\u00f3 durante la conferencia de prensa en la que anunci\u00f3 el acuerdo con Rusia y resalt\u00f3 que el suyo fue \u00abun gobierno que no se hizo el distra\u00eddo con las necesidades de millones de argentinos\u00bb.<\/p>\n<p>\u00abFue una situaci\u00f3n dif\u00edcil, imposible de comparar con otras crisis. Fue casi contradictorio al concepto de gobernar, porque uno gobierna con lo que conoce, pero es muy dif\u00edcil hacerlo cuando te enfrentas a un virus que no sab\u00e9s c\u00f3mo ataca y no ten\u00e9s remedios para curarlo o vacunas para prevenirlo\u00bb, analiz\u00f3 Fern\u00e1ndez. El presidente destac\u00f3 que al trabajo \u00abinusual de gobernar con lo desconocido\u00bb se hab\u00eda sumado, adem\u00e1s, el \u00abescenario ruinoso\u00bb dejado por el gobierno de Mauricio Macri. En esta l\u00ednea, Fern\u00e1ndez se mostr\u00f3 enojado con los sectores de la oposici\u00f3n que reclamaban por el aumento de precios \u00abcuando ellos nos dejaron una inflaci\u00f3n de 58 puntos\u00bb. Sobre este punto, destac\u00f3 que, a pesar de la pandemia, \u00abhemos logrados bajar la inflaci\u00f3n m\u00e1s de 20 puntos en relaci\u00f3n a lo que nos dejaron el a\u00f1o pasado\u00bb, y se comprometi\u00f3 a bajarla otros cinco puntos m\u00e1s para el a\u00f1o que viene.<\/p>\n<p>Por otro lado, Fern\u00e1ndez hizo hincapi\u00e9 en que, a pesar de las limitaciones impuestas por el coronavirus, se hab\u00eda logrado un acuerdo con los acreedores \u00abfavorable para Argentina\u00bb. \u00abAfuera est\u00e1n muy impresionados con que hayamos podido resolver el problema de la deuda en el medio de la pandemia. Somos un caso casi \u00fanico y ac\u00e1 pas\u00f3 inadvertido\u00bb, se quej\u00f3, a la vez que apunt\u00f3 contra aquellos sectores que denuncian que el gobierno planea impulsar un fuerte ajuste. \u00abYo promet\u00ed que el ajuste no lo iban a pagar quienes estaban en una peor situaci\u00f3n, sino que lo iban a pagar quienes deb\u00edan pagarlo. Si te fijas en el presupuesto del a\u00f1o que viene vas a ver que la inversi\u00f3n p\u00fablica se multiplica por dos, que crece la inversi\u00f3n en Salud y Educaci\u00f3n. \u00bfCu\u00e1l es la \u00fanica baja? Los intereses de deuda. El a\u00f1o que viene tenemos la ventaja de que Argentina se evit\u00f3 de pagar 12,5 mil millones de d\u00f3lares en intereses\u00a0y eso lo vamos a volcar en la producci\u00f3n, el trabajo y en atender a los que lo est\u00e1n pasando peor\u00bb, desarroll\u00f3.<\/p>\n<p>\u00abLogramos poner de pie un sistema de Salud que hab\u00eda sido abandonado, cerca de tres millones de personas pudieron seguir cobrando su sueldo gracias al ATP, protegimos a los sectores m\u00e1s d\u00e9biles con la Tarjeta Alimentar y el IFE\u00bb, enumer\u00f3 Alberto durante la entrevista, en la cual destac\u00f3 en varias ocasiones los logros y conocimientos aprehendidos durante la pandemia. \u00abGracias a la pandemia ahora tambi\u00e9n pudimos conocer qui\u00e9n es qui\u00e9n, qui\u00e9nes reciben planes sociales, qui\u00e9nes est\u00e1n situaci\u00f3n de debilidad econ\u00f3mica, qui\u00e9nes viven de su sueldo, y qui\u00e9nes tienen las grandes fortunas\u00bb, indic\u00f3 Fern\u00e1ndez, que subray\u00f3 que esta informaci\u00f3n podr\u00eda ser utilizada para aplicar pol\u00edticas focalizadas, como para el caso de las tarifas. \u00abDesde N\u00e9stor en adelante siempre quisimos diferenciar tarifas, hay gente que necesita los servicios pero est\u00e1 en mucha precariedad para pagarlos y hay gente con muchos recursos que puede pagar la tarifa plena. Antes no pod\u00edamos diferenciar porque no hab\u00eda criterios de discriminaci\u00f3n objetivos\u00bb, explic\u00f3.<\/p>\n<p>Adem\u00e1s de la cuesti\u00f3n econ\u00f3mica, sanitaria y social, el Presidente se refiri\u00f3 a la Justicia y al debate por el aborto. \u00abUna de las cosas a revisar es c\u00f3mo la Corte Suprema interviene porque hay un sistema muy arbitrario respecto a qu\u00e9 casos toma y no toma. Tres meses atr\u00e1s vimos un estrago jur\u00eddico cuando la Corte declar\u00f3 el\u00a0per saltum\u00a0porque declar\u00f3 la gravedad institucional del traslado de tres jueces. Pero resulta que un vicepresidente de la Rep\u00fablica condenado a cinco a\u00f1os no tiene ninguna gravedad institucional y no requiere una mirada de la Corte. Yo no hablo de culpabilidad o inocencia, sino de con qu\u00e9 l\u00f3gica la Corte interviene o no\u00bb, sostuvo, comparando el caso del traslado de los jueces\u00a0Leopoldo Bruglia, Pablo Bertuzzi y Germ\u00e1n Castelli con la condena a Amado Boudou. Por \u00faltimo, Fern\u00e1ndez volvi\u00f3 a destacar que siempre hab\u00eda mantenido una postura a favor de la legalizaci\u00f3n del aborto: \u00abYo hice campa\u00f1a con esto, nadie puede verse sorprendido\u00bb, asegur\u00f3.<\/p>\n<h6>Fuente: P\u00e1gina 12<\/h6>\n","protected":false},"excerpt":{"rendered":"<p>El presidente se\u00f1al\u00f3 que conduce \u00abun gobierno que no se hizo el distra\u00eddo con las necesidades de millones de argentinos\u00bb. Cuestion\u00f3 a la Corte y la herencia \u00abruinosa\u00bb que dej\u00f3 el macrismo.<\/p>\n","protected":false},"author":2,"featured_media":110130,"comment_status":"closed","ping_status":"closed","sticky":false,"template":"","format":"standard","meta":{"footnotes":""},"categories":[8],"tags":[21],"class_list":["post-110129","post","type-post","status-publish","format-standard","has-post-thumbnail","hentry","category-informe-nacional","tag-argentina"],"_links":{"self":[{"href":"http:\/\/argentinamunicipal.com.ar\/argentina\/wp-json\/wp\/v2\/posts\/110129","targetHints":{"allow":["GET"]}}],"collection":[{"href":"http:\/\/argentinamunicipal.com.ar\/argentina\/wp-json\/wp\/v2\/posts"}],"about":[{"href":"http:\/\/argentinamunicipal.com.ar\/argentina\/wp-json\/wp\/v2\/types\/post"}],"author":[{"embeddable":true,"href":"http:\/\/argentinamunicipal.com.ar\/argentina\/wp-json\/wp\/v2\/users\/2"}],"replies":[{"embeddable":true,"href":"http:\/\/argentinamunicipal.com.ar\/argentina\/wp-json\/wp\/v2\/comments?post=110129"}],"version-history":[{"count":0,"href":"http:\/\/argentinamunicipal.com.ar\/argentina\/wp-json\/wp\/v2\/posts\/110129\/revisions"}],"wp:featuredmedia":[{"embeddable":true,"href":"http:\/\/argentinamunicipal.com.ar\/argentina\/wp-json\/wp\/v2\/media\/110130"}],"wp:attachment":[{"href":"http:\/\/argentinamunicipal.com.ar\/argentina\/wp-json\/wp\/v2\/media?parent=110129"}],"wp:term":[{"taxonomy":"category","embeddable":true,"href":"http:\/\/argentinamunicipal.com.ar\/argentina\/wp-json\/wp\/v2\/categories?post=110129"},{"taxonomy":"post_tag","embeddable":true,"href":"http:\/\/argentinamunicipal.com.ar\/argentina\/wp-json\/wp\/v2\/tags?post=110129"}],"curies":[{"name":"wp","href":"https:\/\/api.w.org\/{rel}","templated":true}]}}