{"id":110138,"date":"2020-12-11T05:00:18","date_gmt":"2020-12-11T08:00:18","guid":{"rendered":"http:\/\/argentinamunicipal.com.ar\/argentina\/?p=110138"},"modified":"2020-12-11T06:40:27","modified_gmt":"2020-12-11T09:40:27","slug":"guzman-y-empresarios-coincidieron-que-2021-sera-un-ano-positivo-para-la-economia-argentina","status":"publish","type":"post","link":"http:\/\/argentinamunicipal.com.ar\/argentina\/guzman-y-empresarios-coincidieron-que-2021-sera-un-ano-positivo-para-la-economia-argentina\/","title":{"rendered":"Guzm\u00e1n y empresarios coincidieron que 2021 ser\u00e1 un a\u00f1o positivo para la econom\u00eda argentina"},"content":{"rendered":"<p>Las definiciones formaron parte del 19\u00b0 Seminario Generaci\u00f3n ProPymes organizado por el grupo Techint y que tuvo como protagonistas al presidente y CEO del grupo Paolo Rocca, al ministro de Econom\u00eda y analistas invitados.<\/p>\n<p>Guzm\u00e1n reconoci\u00f3 la necesidad de la calma en el d\u00f3lar en momentos en donde el Gobierno logr\u00f3 reducir fuertemente la brecha cambiaria.<\/p>\n<p>Empresarios y analistas coincidieron este jueves con el Ministro de Econom\u00eda, Mart\u00edn Guzm\u00e1n, que 2021 ser\u00e1 un a\u00f1o de crecimiento para la Argentina despu\u00e9s de haber tocado el piso en abril pasado y en la necesidad de mantener las variables macroecon\u00f3micas estables para favorecer a las variables productivas.<\/p>\n<p>Durante el encuentro los expositores coincidieron en que esperan una recuperaci\u00f3n de la econom\u00eda para el a\u00f1o pr\u00f3ximo, en la necesidad de un acuerdo con el FMI y valoraron la puesta en marcha del Plan Gas, entre los principales temas desarrollados durante el evento.<\/p>\n<p>Los acuerdos quedaron a un lado cuando, sobre el debate final el due\u00f1o de la casa, Paolo Rocca le reclam\u00f3 al ministro Guzm\u00e1n la necesidad de bajar impuestos a lo que el funcionario respondi\u00f3 r\u00e1pidamente sobre la imposibilidad de hacerlo en lo inmediato al aseverar: \u00abNo estamos en condiciones de reducir los ingresos fiscales\u00bb.<\/p>\n<p>El titular de la cartera de Hacienda tom\u00f3 el guante lanzado por Rocca y afirm\u00f3 que \u00abhay que ir hacia una estructura tributaria que garantice la sostenibilidad fiscal y al mismo tiempo d\u00e9 incentivos para la inversi\u00f3n, la formalizaci\u00f3n, que sea progresiva y m\u00e1s simple\u00bb.<\/p>\n<p>\u00abLa estabilidad cambiaria es fundamental para el ambiente en que se desarrolla la econom\u00eda y opera el sector privado\u00bb\u00a0MART\u00cdN GUZM\u00c1N<\/p>\n<p>Entre los datos alentadores, Guzm\u00e1n remarc\u00f3 la rebaja en 20 puntos de la inflaci\u00f3n de este a\u00f1o frente al cierre del 2019 y la ca\u00edda de la inflaci\u00f3n para noviembre, cuyo dato oficial ser\u00e1 informado la semana pr\u00f3xima por el Indec.<\/p>\n<p>\u00abVamos a terminar con una inflaci\u00f3n anual de alrededor de 20 puntos porcentuales menor que la de 2019\u00bb, dijo y agreg\u00f3 que \u00abla inflaci\u00f3n de noviembre tendr\u00e1 una reducci\u00f3n importante respecto de octubre\u00bb.<\/p>\n<p>Adem\u00e1s subray\u00f3 que en los \u00faltimos tres meses la recaudaci\u00f3n super\u00f3 a la inflaci\u00f3n, con lo que concluy\u00f3 que \u00abtenemos las condiciones para que el 2021 sea un buen a\u00f1o para Argentina\u00bb.<\/p>\n<p>Guzm\u00e1n reconoci\u00f3 la necesidad de la calma en el d\u00f3lar en momentos en donde el Gobierno logr\u00f3 reducir fuertemente la brecha cambiaria.<\/p>\n<p>Las definiciones formaron parte del 19\u00b0 Seminario Generaci\u00f3n ProPymes organizado por el grupo Techint.<\/p>\n<p>\u00abLa estabilidad cambiaria es fundamental para el ambiente en que se desarrolla la econom\u00eda y opera el sector privado\u00bb, dijo y concluy\u00f3 que \u00abla estabilizaci\u00f3n macroecon\u00f3mica es fundamental para que haya un proceso virtuoso de crecimiento de desarrollo con oportunidades\u00bb.<\/p>\n<p>Por su parte, el titular del grupo Techint subray\u00f3 que esta fue \u00abla crisis m\u00e1s dram\u00e1tica y menos previsible de las vividas, fue un a\u00f1o dur\u00edsimo para las empresas y para el pa\u00eds\u00bb, pero asegur\u00f3 a los participantes del evento: \u00abAhora estamos saliendo, ya pasamos lo peor\u00bb.<\/p>\n<p>El empresario, no obstante, advirti\u00f3 que \u00abel sector muestra una visi\u00f3n positiva, la cadena de valor espera para 2021 aumento de facturaci\u00f3n, de inversi\u00f3n en m\u00e1s de un 40%, de exportaci\u00f3n y de empleo\u00bb.<\/p>\n<p>\u00abVamos a terminar con una inflaci\u00f3n anual de alrededor de 20 puntos porcentuales menor que la de 2019\u00bb\u00a0MART\u00cdN GUZM\u00c1N<\/p>\n<p>\u00abTodos sentimos haber superado el punto m\u00e1s bajo de la crisis que fue en marzo, abril cuando hubo actividad cercana a cero en algunos sectores ahora sentimos que nos estamos recuperando\u00bb, afirm\u00f3.<\/p>\n<p>Rocca detall\u00f3 que \u00aben el caso de Ternium est\u00e1 operando 40% por encima del nivel del a\u00f1o pasado\u00bb mientras que \u00abTenaris est\u00e1 todav\u00eda operando a la mitad del nivel de actividad que ten\u00eda en 2019 porque su actividad ha sido afectada por la movilidad y la ca\u00edda de demanda en todo el mundo\u00bb.<\/p>\n<p>Previamente en una mesa sobre la \u00abArgentina que viene\u00bb, el economista y consultor Emmanuel \u00c1lvarez Agis asegur\u00f3 que \u00abel a\u00f1o que viene seguramente tengamos el mejor a\u00f1o desde 2010; va a ser un buen a\u00f1o para la econom\u00eda real, vamos a tener menos turismo, las exportaciones van a recuperar fuerte y los precios de las exportaciones van a ayudar mucho\u00bb.<\/p>\n<p>Dijo que \u00absi uno arranca el a\u00f1o ordenando la econom\u00eda, y en eso tiene mucho que ver el acuerdo con el Fondo, el a\u00f1o que viene tenemos dos amenazas, una es la segunda ola y la otra es el acuerdo con el Fondo, si es un mal acuerdo nos puede hundir, si es un buen acuerdo puede ser un paso inicial de esa recuperaci\u00f3n que estamos buscando\u00bb.<\/p>\n<h6>Fuente: Telam<\/h6>\n","protected":false},"excerpt":{"rendered":"<p>Las definiciones formaron parte del 19\u00b0 Seminario Generaci\u00f3n ProPymes organizado por el grupo Techint y que tuvo como protagonistas al presidente y CEO del grupo Paolo Rocca, al ministro de Econom\u00eda y analistas invitados.<\/p>\n","protected":false},"author":2,"featured_media":110139,"comment_status":"closed","ping_status":"closed","sticky":false,"template":"","format":"standard","meta":{"footnotes":""},"categories":[8],"tags":[21],"class_list":["post-110138","post","type-post","status-publish","format-standard","has-post-thumbnail","hentry","category-informe-nacional","tag-argentina"],"_links":{"self":[{"href":"http:\/\/argentinamunicipal.com.ar\/argentina\/wp-json\/wp\/v2\/posts\/110138","targetHints":{"allow":["GET"]}}],"collection":[{"href":"http:\/\/argentinamunicipal.com.ar\/argentina\/wp-json\/wp\/v2\/posts"}],"about":[{"href":"http:\/\/argentinamunicipal.com.ar\/argentina\/wp-json\/wp\/v2\/types\/post"}],"author":[{"embeddable":true,"href":"http:\/\/argentinamunicipal.com.ar\/argentina\/wp-json\/wp\/v2\/users\/2"}],"replies":[{"embeddable":true,"href":"http:\/\/argentinamunicipal.com.ar\/argentina\/wp-json\/wp\/v2\/comments?post=110138"}],"version-history":[{"count":0,"href":"http:\/\/argentinamunicipal.com.ar\/argentina\/wp-json\/wp\/v2\/posts\/110138\/revisions"}],"wp:featuredmedia":[{"embeddable":true,"href":"http:\/\/argentinamunicipal.com.ar\/argentina\/wp-json\/wp\/v2\/media\/110139"}],"wp:attachment":[{"href":"http:\/\/argentinamunicipal.com.ar\/argentina\/wp-json\/wp\/v2\/media?parent=110138"}],"wp:term":[{"taxonomy":"category","embeddable":true,"href":"http:\/\/argentinamunicipal.com.ar\/argentina\/wp-json\/wp\/v2\/categories?post=110138"},{"taxonomy":"post_tag","embeddable":true,"href":"http:\/\/argentinamunicipal.com.ar\/argentina\/wp-json\/wp\/v2\/tags?post=110138"}],"curies":[{"name":"wp","href":"https:\/\/api.w.org\/{rel}","templated":true}]}}