{"id":110145,"date":"2020-12-14T05:09:35","date_gmt":"2020-12-14T08:09:35","guid":{"rendered":"http:\/\/argentinamunicipal.com.ar\/argentina\/?p=110145"},"modified":"2020-12-11T08:06:32","modified_gmt":"2020-12-11T11:06:32","slug":"el-641-de-los-ninos-y-adolescentes-vive-en-hogares-pobres-dos-millones-padecieron-hambre-este-2020","status":"publish","type":"post","link":"http:\/\/argentinamunicipal.com.ar\/argentina\/el-641-de-los-ninos-y-adolescentes-vive-en-hogares-pobres-dos-millones-padecieron-hambre-este-2020\/","title":{"rendered":"El 64,1% de los ni\u00f1os y adolescentes vive en hogares pobres: dos millones padecieron hambre este 2020"},"content":{"rendered":"<p>El 64,1% de los menores de 17 a\u00f1os habita hogares hundidos en la pobreza y unos 2 millones padecieron hambre en alg\u00fan momento este a\u00f1o, seg\u00fan un informe presentado este jueves por el Observatorio de la Deuda Social de la Infancia de la Universidad Cat\u00f3lica Argentina (UCA).<\/p>\n<p>El estudio fue realizado sobre una proyecci\u00f3n de 13 millones de chicos y adolescentes en el pa\u00eds, y refleja un cuadro social dram\u00e1tico que la pandemia agrav\u00f3.<\/p>\n<p>De los 8,5 millones que habitan hogares pobres, poco m\u00e1s de 2.000.000 sufrieron \u00abinsuficiencia alimentaria severa\u00bb durante el a\u00f1o, de acuerdo con el informe correspondiente al per\u00edodo julio-octubre.<\/p>\n<p>Otros 2.500.000 no alcanzaron a recibir las cuatro comidas diarias.<\/p>\n<p>La insuficiencia alimentaria total representa el 34,4%, o m\u00e1s de 4,5 millones, seg\u00fan el estudio.<br \/>\nDe 13.700.000 ni\u00f1os y adolescentes (0 a 17 a\u00f1os) que habitan el pa\u00eds, se estima que 4.720.000 padec\u00edan carencias alimentarias, 590.000 m\u00e1s que un a\u00f1o antes, hasta octubre.<br \/>\nEl \u00faltimo indicador del INDEC, a junio de este a\u00f1o, se\u00f1ala que en el \u00edndice de pobreza se elev\u00f3 al 40,9% de la poblaci\u00f3n, incluido un 10,5% que est\u00e1 directamente en la indigencia.<br \/>\nAl cierre de 2019, la tasa de pobreza hab\u00eda sido del 35,5% y la indigencia del 8%.<\/p>\n<p>\u00abSi bien en el marco de esta pandemia las infancias no se constituyeron en la poblaci\u00f3n de mayor riesgo en contraer la enfermedad, se conjetura que la situaci\u00f3n de aislamiento extendida en el tiempo ha producido un incremento de su vulnerabilidad en el pleno ejercicio de m\u00faltiples derechos\u00bb, advierte el informe de la UCA.<\/p>\n<p>Agrega que la situaci\u00f3n de aislamiento social \u00abprofundiz\u00f3 problemas sociales pre-existentes que afectan de modo particular a las infancias en el pa\u00eds. Uno de los principales efectos es una nueva poda del capital humano\u00bb.<\/p>\n<p>En cuanto a datos globales, a partir de 2011, con el 23,5%, la inseguridad alimentaria entre ni\u00f1os y adolescentes tuvo un crecimiento persistente y peg\u00f3 un fuerte salto entre 2017 y 2019, para volver a subir este a\u00f1o al 34,4%. .<\/p>\n<p>Lanina Tu\u00f1\u00f3n, investigadora del Bar\u00f3metro de la Deuda Social de la Infancia, explic\u00f3 que hubo un per\u00edodo m\u00e1s estable entre 2011 y 2017 por las ayudas alimentarias directas realizadas a trav\u00e9s de la escuela y comedores barriales.<\/p>\n<p>\u00abLa situaci\u00f3n de vulnerabilidad en el acceso a los alimentos en el marco de la pandemia y la cuarentena, tuvo un efecto relevante en sectores sociales bajos que no ten\u00edan este problema antes de esta coyuntura\u00bb, a\u00f1adi\u00f3.<\/p>\n<p>Alert\u00f3 que \u00absectores sociales en los que no se suelen focalizar las ayudas econ\u00f3micas a trav\u00e9s de transferencias de ingresos y, a su vez, la asistencia alimentaria gratuita directa en espacios escolares y comunitarios, cay\u00f3 especialmente en los ni\u00f1os y ni\u00f1as en edad de cursar la educaci\u00f3n primaria, pero se compens\u00f3 con la Tarjeta Alimentar\u00bb.<\/p>\n<p>\u00abSi bien no fue suficiente como sistema de protecci\u00f3n ante la vulnerabilidad en el acceso a los alimentos, s\u00ed fue significativa en aminorar la insuficiencia alimentaria severa\u00bb, destac\u00f3.<\/p>\n<p>Debido a esta ayuda, durante el \u00faltimo a\u00f1o el incremento de la inseguridad alimentaria se registr\u00f3 principalmente en ni\u00f1os de entre 5 y 12 a\u00f1os, y en mayor medida en los adolescentes de 13 a 17 a\u00f1os, porque los peque\u00f1os de hasta 4 a\u00f1os se vieron m\u00e1s protegidos por la Tarjeta Alimentar. Remarc\u00f3 que \u00aben el contexto de la pandemia y cuarentena la problem\u00e1tica global de la obesidad y la malnutrici\u00f3n, que afecta a una parte relevante de las infancias en el pa\u00eds, se constituy\u00f3 en un riesgo adicional ante la posibilidad de ser afectado por la enfermedad\u00bb.<\/p>\n<h6>Fuente: El Litoral<\/h6>\n","protected":false},"excerpt":{"rendered":"<p>El 64,1% de los menores de 17 a\u00f1os habita hogares hundidos en la pobreza y unos 2 millones padecieron hambre en alg\u00fan momento este a\u00f1o, seg\u00fan un informe presentado este jueves por el Observatorio de la Deuda Social de la Infancia de la Universidad Cat\u00f3lica Argentina (UCA).<\/p>\n","protected":false},"author":2,"featured_media":110155,"comment_status":"closed","ping_status":"closed","sticky":false,"template":"","format":"standard","meta":{"footnotes":""},"categories":[8],"tags":[21],"class_list":["post-110145","post","type-post","status-publish","format-standard","has-post-thumbnail","hentry","category-informe-nacional","tag-argentina"],"_links":{"self":[{"href":"http:\/\/argentinamunicipal.com.ar\/argentina\/wp-json\/wp\/v2\/posts\/110145","targetHints":{"allow":["GET"]}}],"collection":[{"href":"http:\/\/argentinamunicipal.com.ar\/argentina\/wp-json\/wp\/v2\/posts"}],"about":[{"href":"http:\/\/argentinamunicipal.com.ar\/argentina\/wp-json\/wp\/v2\/types\/post"}],"author":[{"embeddable":true,"href":"http:\/\/argentinamunicipal.com.ar\/argentina\/wp-json\/wp\/v2\/users\/2"}],"replies":[{"embeddable":true,"href":"http:\/\/argentinamunicipal.com.ar\/argentina\/wp-json\/wp\/v2\/comments?post=110145"}],"version-history":[{"count":0,"href":"http:\/\/argentinamunicipal.com.ar\/argentina\/wp-json\/wp\/v2\/posts\/110145\/revisions"}],"wp:featuredmedia":[{"embeddable":true,"href":"http:\/\/argentinamunicipal.com.ar\/argentina\/wp-json\/wp\/v2\/media\/110155"}],"wp:attachment":[{"href":"http:\/\/argentinamunicipal.com.ar\/argentina\/wp-json\/wp\/v2\/media?parent=110145"}],"wp:term":[{"taxonomy":"category","embeddable":true,"href":"http:\/\/argentinamunicipal.com.ar\/argentina\/wp-json\/wp\/v2\/categories?post=110145"},{"taxonomy":"post_tag","embeddable":true,"href":"http:\/\/argentinamunicipal.com.ar\/argentina\/wp-json\/wp\/v2\/tags?post=110145"}],"curies":[{"name":"wp","href":"https:\/\/api.w.org\/{rel}","templated":true}]}}