{"id":110151,"date":"2020-12-11T07:48:24","date_gmt":"2020-12-11T10:48:24","guid":{"rendered":"http:\/\/argentinamunicipal.com.ar\/argentina\/?p=110151"},"modified":"2020-12-11T07:48:24","modified_gmt":"2020-12-11T10:48:24","slug":"reparacion-historica-en-santa-fe-se-rectificaron-los-legajos-de-municipales-detenidos-desaparecidos","status":"publish","type":"post","link":"http:\/\/argentinamunicipal.com.ar\/argentina\/reparacion-historica-en-santa-fe-se-rectificaron-los-legajos-de-municipales-detenidos-desaparecidos\/","title":{"rendered":"Reparaci\u00f3n hist\u00f3rica en Santa Fe: se rectificaron los legajos de municipales detenidos-desaparecidos"},"content":{"rendered":"<p>Tambi\u00e9n se incorporaron dos hijos de ex empleados desaparecidos. \u00abHoy es un d\u00eda hist\u00f3rico que no hay que dejar pasar por alto\u00bb, indic\u00f3 el intendente Emilio Jat\u00f3n.<\/p>\n<p>El acto en conmemoraci\u00f3n por el D\u00eda de los Derechos Humanos que realiz\u00f3 la Municipalidad de Santa Fe tuvo dos momentos de reparaci\u00f3n hist\u00f3rica in\u00e9ditos en la ciudad. Por un lado, se rectificaron los legajos de trabajadores municipales que fueron detenidos desaparecidos durante la \u00faltima dictadura militar. Por otro lado, ingresaron a planta permanente dos hijos de trabajadores y trabajadoras municipales cesanteados y desaparecidos. Se trata de Facundo Maggio, hijo de Norma Beatriz Valentinuzzi, y Laura Candioti, hija de Edmundo Jer\u00f3nimo Candioti.<br \/>\nEl acto fue presidido por el intendente Emilio Jat\u00f3n y cont\u00f3 con la participaci\u00f3n de integrantes del Foro por los Derechos Humanos, ex trabajadores municipales que fueron presos pol\u00edticos, el presidente del Concejo, Leandro Gonz\u00e1lez, entre otros.<br \/>\n\u201cHoy es un d\u00eda hist\u00f3rico que no hay que dejar pasar por alto\u201d, indic\u00f3 Jat\u00f3n. En tal sentido, el mandatario les dio la bienvenida a los trabajadores que se incorporan a la Municipalidad: \u201cFacu y Laura, bienvenidos al municipio, es un derecho que se han ganado. Los derechos humanos son fruto de una conquista de generaciones y este acto de reparaci\u00f3n hist\u00f3rica es importante y necesario\u201d.<\/p>\n<p>En ese marco, el intendente consign\u00f3: \u201cDesde el Estado estamos haciendo una reparaci\u00f3n hist\u00f3rica, hay que seguir defendiendo las conquistas y ampliando derechos\u201d. Y agreg\u00f3 que \u201ceste d\u00eda es muy importante para que nos juntemos, para que pensemos, para que la historia se nos meta en el presente y, con este presente, hagamos un futuro mejor\u201d.<\/p>\n<p>Por su parte, el director de Derechos Humanos y Vinculaci\u00f3n, Publio Molinas, destac\u00f3: \u201cEs un placer participar de esta jornada hist\u00f3rica en la que se reparan los legajos de compa\u00f1eros municipales detenidos desaparecidos en la \u00faltima dictadura militar e ingresan dos hijos, a trav\u00e9s de una Ordenanza que fue promulgada dos a\u00f1os atr\u00e1s. Es un acto hist\u00f3rico que ped\u00edan los compa\u00f1eros hace mucho tiempo y que hoy, gracias a la decisi\u00f3n pol\u00edtica del intendente, se pudo concretar\u201d.<\/p>\n<p>En esa l\u00ednea, Molinas a\u00f1adi\u00f3 que este \u201ces un acto reparatorio por parte del Estado. Los legajos ten\u00edan historias inventadas y es muy simb\u00f3lico que ahora conste la condici\u00f3n de detenidos desaparecidos\u201d.<\/p>\n<p>Cabe remarcar que la incorporaci\u00f3n se enmarca en la ordenanza N\u00ba 12.119, impulsada en su momento por Emilio Jat\u00f3n.<\/p>\n<p>Reparaci\u00f3n documental<\/p>\n<p>En ese marco, Jat\u00f3n entreg\u00f3 a los familiares las copias del Decreto N\u00ba 278, que en el art\u00edculo uno dispone \u201cla inscripci\u00f3n de la condici\u00f3n \u2018detenido-desaparecido\u2019 en los legajos de Norma Beatriz Valentinuzzi, Edmundo Jer\u00f3nimo Candioti, Guillermo Alberto Perot, Edi Ana Cravero, Miguel Oscar Anzardi y Ricardo Marcelino Alvarez, los cuales revistaban como agentes de planta permanente dependientes de la administraci\u00f3n p\u00fablica municipal\u201d.<\/p>\n<p>En consonancia, el texto se\u00f1ala \u201cproceder al saneamiento y reparaci\u00f3n documental hist\u00f3rica de sus legajos, dejando constancia en los mismos que los reales motivos que determinaron la interrupci\u00f3n de sus v\u00ednculos laborales ha sido consecuencia del accionar del terrorismo de Estado\u201d.<\/p>\n<p>Por los que ya no est\u00e1n<\/p>\n<p>\u201cYo hoy puedo repasar aquellos a\u00f1os, pero hay compa\u00f1eros que no pueden hacerlo\u201d, indic\u00f3 Miguel Rico, jubilado municipal, preso pol\u00edtico e incansable militante por la lucha de los derechos humanos. En ese sentido, Rico destac\u00f3 la trascendencia de \u201cpoder corregir los legajos que dec\u00edan \u2018despedidos por causas injustificadas\u2019; ninguno fue por causa injustificada. Por eso para m\u00ed es importante poder traer un pedacito de ese pasado al presente y rescatar la memoria\u201d.<\/p>\n<p>Con respecto a la incorporaci\u00f3n de hijos de detenidos desaparecidos, Rico record\u00f3 que a uno de ellos \u201clo tuve alzado de beb\u00e9, y hoy ya se convirti\u00f3 en un hombre\u201d. En consonancia, se manifest\u00f3 \u201cmuy contento por esta reparaci\u00f3n, s\u00f3lo resta un lugar en la Municipalidad para llevar una flor a los que ya no est\u00e1n\u201d.<\/p>\n<p>Facundo Maggio es un reconocido percusionista que desde hace a\u00f1os da diversos talleres en los barrios de la ciudad y que, a partir de hoy, trabajar\u00e1 en Cultura de la Municipalidad, como lo hizo su madre, una bailarina que -seg\u00fan aseguran los que la vieron-, deleit\u00f3 a los espectadores sobre el escenario del Teatro Municipal. Para Facundo, hoy es un d\u00eda \u201chist\u00f3rico, estoy muy movilizado por la memoria, los testimonios, el relato de los compa\u00f1eros sobrevivientes de mi mam\u00e1 y del padre de Laura\u201d.<\/p>\n<p>\u201cEn tiempos como estos, es una celebraci\u00f3n tener trabajo, es sumamente importante sumarme a un \u00e1rea donde ya ven\u00eda trabajando en el territorio\u201d, expres\u00f3 Facundo y a\u00f1adi\u00f3: \u201cel recuerdo permanente a mis padres, en particular a mi madre que fue una artista muy jugada\u201d.<\/p>\n<p>Presentes<\/p>\n<p>Tambi\u00e9n estuvieron el secretario de Gobierno municipal, Nicol\u00e1s Aimar; el secretario de Educaci\u00f3n y Cultura, Paulo Ricci; el director de Derechos y Vinculaci\u00f3n Ciudadana, Franco Ponce de Le\u00f3n; las concejalas Laura Mondino, Luciana Ceresola, Jorgelina Mudallel, y el concejal Guillermo Jerez.<\/p>\n<h6>Fuente: Uno<\/h6>\n","protected":false},"excerpt":{"rendered":"<p>Tambi\u00e9n se incorporaron dos hijos de ex empleados desaparecidos. \u00abHoy es un d\u00eda hist\u00f3rico que no hay que dejar pasar por alto\u00bb, indic\u00f3 el intendente Emilio Jat\u00f3n.<\/p>\n","protected":false},"author":2,"featured_media":110152,"comment_status":"closed","ping_status":"closed","sticky":false,"template":"","format":"standard","meta":{"footnotes":""},"categories":[2],"tags":[10],"class_list":["post-110151","post","type-post","status-publish","format-standard","has-post-thumbnail","hentry","category-informe-municipal","tag-santa-fe"],"_links":{"self":[{"href":"http:\/\/argentinamunicipal.com.ar\/argentina\/wp-json\/wp\/v2\/posts\/110151","targetHints":{"allow":["GET"]}}],"collection":[{"href":"http:\/\/argentinamunicipal.com.ar\/argentina\/wp-json\/wp\/v2\/posts"}],"about":[{"href":"http:\/\/argentinamunicipal.com.ar\/argentina\/wp-json\/wp\/v2\/types\/post"}],"author":[{"embeddable":true,"href":"http:\/\/argentinamunicipal.com.ar\/argentina\/wp-json\/wp\/v2\/users\/2"}],"replies":[{"embeddable":true,"href":"http:\/\/argentinamunicipal.com.ar\/argentina\/wp-json\/wp\/v2\/comments?post=110151"}],"version-history":[{"count":0,"href":"http:\/\/argentinamunicipal.com.ar\/argentina\/wp-json\/wp\/v2\/posts\/110151\/revisions"}],"wp:featuredmedia":[{"embeddable":true,"href":"http:\/\/argentinamunicipal.com.ar\/argentina\/wp-json\/wp\/v2\/media\/110152"}],"wp:attachment":[{"href":"http:\/\/argentinamunicipal.com.ar\/argentina\/wp-json\/wp\/v2\/media?parent=110151"}],"wp:term":[{"taxonomy":"category","embeddable":true,"href":"http:\/\/argentinamunicipal.com.ar\/argentina\/wp-json\/wp\/v2\/categories?post=110151"},{"taxonomy":"post_tag","embeddable":true,"href":"http:\/\/argentinamunicipal.com.ar\/argentina\/wp-json\/wp\/v2\/tags?post=110151"}],"curies":[{"name":"wp","href":"https:\/\/api.w.org\/{rel}","templated":true}]}}