{"id":110244,"date":"2020-12-15T06:20:00","date_gmt":"2020-12-15T09:20:00","guid":{"rendered":"http:\/\/argentinamunicipal.com.ar\/argentina\/?p=110244"},"modified":"2020-12-15T06:17:46","modified_gmt":"2020-12-15T09:17:46","slug":"una-recuperacion-cada-dia-mas-solida","status":"publish","type":"post","link":"http:\/\/argentinamunicipal.com.ar\/argentina\/una-recuperacion-cada-dia-mas-solida\/","title":{"rendered":"\u00abUna recuperaci\u00f3n cada d\u00eda m\u00e1s s\u00f3lida\u00bb\u00a0"},"content":{"rendered":"<p>El ministro de Econom\u00eda asegur\u00f3 que \u00ablos \u00faltimos meses muestran un panorama mejor y se est\u00e1n anclando expectativas\u00bb. \u00abLa inflaci\u00f3n ser\u00e1 menor a octubre\u00bb, adelant\u00f3.<\/p>\n<p>El ministro de Econom\u00eda, Mart\u00edn Guzm\u00e1n, manifest\u00f3 su optimismo de que en 2021 habr\u00e1 un restablecimiento de la econom\u00eda que permitir\u00e1 al pa\u00eds recuperar divisas y adelant\u00f3 que la inflaci\u00f3n de noviembre, que el Indec informar\u00e1 este martes, fue menor que la de octubre.<\/p>\n<p>\u00abEsperamos un\u00a02021\u00a0positivo, con el pa\u00eds creciendo\u00bb, dijo Gel funcionario al participar de una cumbre internacional organizada por Eurasia Group, con foco en Am\u00e9rica Latina. Y agreg\u00f3 que \u00ablas expectativas se est\u00e1n anclado. Hay una construcci\u00f3n de expectativas que va a un sendero positivo\u201d.<\/p>\n<p>\u00abLos \u00faltimos meses muestran un panorama mejor. Hay una recuperaci\u00f3n cada d\u00eda m\u00e1s s\u00f3lida\u00bb, dijo el ministro. Y afirm\u00f3 que \u00abtenemos tres meses de actividad econ\u00f3mica repuntando. La recaudaci\u00f3n creci\u00f3 sobre la inflaci\u00f3n en los \u00faltimos meses. La brecha cambiaria se ha reducido fuertemente\u00bb.<\/p>\n<p>\u201cEl a\u00f1o\u00a02020\u00a0ha sido un a\u00f1o excepcional -dijo- (..) cuando asumimos enfrent\u00e1bamos una crisis macro y hab\u00edamos hecho un plan de acci\u00f3n para esa crisis. La pandemia afect\u00f3 fuertemente los planes. Se pudo avanzar en la reestructuraci\u00f3n de la deuda, parte fundamental en el proceso de estabilizaci\u00f3n\u00bb. Asimismo, destac\u00f3 que \u201dhemos tenido durante 2020 la estabilidad necesaria para poder lidiar con una situaci\u00f3n extraordinaria como la de la pandemia\u201d. De esta manera, el ministro explic\u00f3 que \u00abpara 2021 esperamos un super\u00e1vit comercial robusto, m\u00e1s all\u00e1 de la recuperaci\u00f3n econ\u00f3mica\u201d, y avis\u00f3 que una de las metas es iniciar el proceso de acumulaci\u00f3n de reservas internacionales.<\/p>\n<p><strong>Inflaci\u00f3n<\/strong><br \/>\nEn l\u00ednea con lo que ya manifest\u00f3 la semana pasada en el foro PROPyme de Techint, Guzm\u00e1n volvi\u00f3 a resaltar la\u00a0preocupaci\u00f3n oficial\u00a0por la marcha de los precios, la se\u00f1al\u00f3 como uno de los ejes del 2021 y avis\u00f3 que la \u00faltima parte del a\u00f1o tendr\u00e1 indicadores a la baja.<\/p>\n<p>\u201cEl 2020 va a terminar con una inflaci\u00f3n casi 20 por ciento menor al 2019\u201d, explic\u00f3 y agreg\u00f3 que \u00aben noviembre la inflaci\u00f3n ser\u00e1 menor a octubre\u00bb. El mes \u00faltimo, el IPC del INDEC hab\u00eda subido 3,8 por ciento y el indicador de noviembre ser\u00e1 dado a conocer por el organismo en las pr\u00f3ximas horas.<\/p>\n<p>\u201cBuscamos reducir la inflaci\u00f3n a un ritmo factible. Consideramos que un ritmo factible es el que presentamos en el Presupuesto\u201d, expres\u00f3 Guzm\u00e1n.<\/p>\n<p><strong>Deuda sostenible\u00a0<\/strong><br \/>\nRespecto a la deuda a negociar con organismos, Guzm\u00e1n asever\u00f3 que \u00abqueremos una\u00a0legitimaci\u00f3n\u00a0y un respaldo amplio para que la estabilizaci\u00f3n econ\u00f3mica sea una pol\u00edtica de Estado\u201d. Y record\u00f3 que \u00abrestaurar la sostenibilidad de la deuda fue pol\u00edtica de Estado y mantenerla tambi\u00e9n\u201d.<\/p>\n<p>En esa l\u00ednea, avis\u00f3 que \u00abel programa que presentaremos en el Congreso va a tener metas de acumulaci\u00f3n de reservas internacionales\u201d. \u201cEstamos avanzando a pasos firmes con el\u00a0FMI. No hay que atarse a tiempos determinados, la prioridad es hacerlo bien\u201d, aclar\u00f3, y admiti\u00f3 que \u00abtiene que haber una reprogramaci\u00f3n de los pagos con el Club de Par\u00eds\u201d.<\/p>\n<p><strong>El frente fiscal<\/strong><br \/>\nEl funcionario se refiri\u00f3 adem\u00e1s a un crecimiento con ordenamiento fiscal. \u00abQueremos impulsar la econom\u00eda mientras reducimos el d\u00e9ficit fiscal. Se espera que en 2021 haya acumulaci\u00f3n de reservas internacionales. (&#8230;) A pesar del aumento del gasto en t\u00e9rminos reales, tambi\u00e9n hay una reducci\u00f3n del d\u00e9ficit por el aumento de ingresos fiscales\u00bb, detall\u00f3 y resalt\u00f3 que \u00abla consolidaci\u00f3n fiscal tiene que ir a una velocidad consistente con la recuperaci\u00f3n. Llegar al equilibrio fiscal va a llevar m\u00e1s tiempo que lo que se pronosticaba antes de la pandemia\u201d.<\/p>\n<p>En esa l\u00ednea, mencion\u00f3 tambi\u00e9n que \u00abbuscamos desarrollar el mercado de capitales para elevar los niveles de ahorro en nuestra propia moneda y tener m\u00e1s inversi\u00f3n dom\u00e9stica\u201d. A la vez que consign\u00f3 que \u00abla reestructuraci\u00f3n de la deuda constituye una condici\u00f3n necesaria pero no suficiente para resolver los problemas macro. Hay m\u00e1s por hacer y se est\u00e1 haciendo\u201d.<\/p>\n<h6>Fuente: P\u00e1gina 12<\/h6>\n","protected":false},"excerpt":{"rendered":"<p>El ministro de Econom\u00eda asegur\u00f3 que \u00ablos \u00faltimos meses muestran un panorama mejor y se est\u00e1n anclando expectativas\u00bb. \u00abLa inflaci\u00f3n ser\u00e1 menor a octubre\u00bb, adelant\u00f3.\u00a0<\/p>\n","protected":false},"author":2,"featured_media":110245,"comment_status":"closed","ping_status":"closed","sticky":false,"template":"","format":"standard","meta":{"footnotes":""},"categories":[8],"tags":[21],"class_list":["post-110244","post","type-post","status-publish","format-standard","has-post-thumbnail","hentry","category-informe-nacional","tag-argentina"],"_links":{"self":[{"href":"http:\/\/argentinamunicipal.com.ar\/argentina\/wp-json\/wp\/v2\/posts\/110244","targetHints":{"allow":["GET"]}}],"collection":[{"href":"http:\/\/argentinamunicipal.com.ar\/argentina\/wp-json\/wp\/v2\/posts"}],"about":[{"href":"http:\/\/argentinamunicipal.com.ar\/argentina\/wp-json\/wp\/v2\/types\/post"}],"author":[{"embeddable":true,"href":"http:\/\/argentinamunicipal.com.ar\/argentina\/wp-json\/wp\/v2\/users\/2"}],"replies":[{"embeddable":true,"href":"http:\/\/argentinamunicipal.com.ar\/argentina\/wp-json\/wp\/v2\/comments?post=110244"}],"version-history":[{"count":0,"href":"http:\/\/argentinamunicipal.com.ar\/argentina\/wp-json\/wp\/v2\/posts\/110244\/revisions"}],"wp:featuredmedia":[{"embeddable":true,"href":"http:\/\/argentinamunicipal.com.ar\/argentina\/wp-json\/wp\/v2\/media\/110245"}],"wp:attachment":[{"href":"http:\/\/argentinamunicipal.com.ar\/argentina\/wp-json\/wp\/v2\/media?parent=110244"}],"wp:term":[{"taxonomy":"category","embeddable":true,"href":"http:\/\/argentinamunicipal.com.ar\/argentina\/wp-json\/wp\/v2\/categories?post=110244"},{"taxonomy":"post_tag","embeddable":true,"href":"http:\/\/argentinamunicipal.com.ar\/argentina\/wp-json\/wp\/v2\/tags?post=110244"}],"curies":[{"name":"wp","href":"https:\/\/api.w.org\/{rel}","templated":true}]}}