{"id":110250,"date":"2020-12-15T06:16:03","date_gmt":"2020-12-15T09:16:03","guid":{"rendered":"http:\/\/argentinamunicipal.com.ar\/argentina\/?p=110250"},"modified":"2020-12-15T06:23:56","modified_gmt":"2020-12-15T09:23:56","slug":"se-recompuso-la-cadena-de-pagos-y-el-rechazo-de-cheques-esta-en-niveles-prepandemia","status":"publish","type":"post","link":"http:\/\/argentinamunicipal.com.ar\/argentina\/se-recompuso-la-cadena-de-pagos-y-el-rechazo-de-cheques-esta-en-niveles-prepandemia\/","title":{"rendered":"Se recompuso la cadena de pagos y el rechazo de cheques est\u00e1 en niveles prepandemia"},"content":{"rendered":"<p>Diferentes analistas coincidieron en que la cadena de pagos de la producci\u00f3n, la industria y el comercio se recompuso en estos \u00faltimos meses en que la actividad econ\u00f3mica comenz\u00f3 a normalizarse.<\/p>\n<p>La cadena de pagos de la producci\u00f3n, la industria y el comercio se recompuso en estos \u00faltimos meses en que la actividad econ\u00f3mica comenz\u00f3 a normalizarse, y en este marco, la proporci\u00f3n de cheques rechazados baj\u00f3 a niveles prepandemia.<\/p>\n<p>\u00abLa recuperaci\u00f3n econ\u00f3mica mantiene un ritmo constante en los \u00faltimos meses del a\u00f1o, observ\u00e1ndose que las empresas empiezan a incrementar su producci\u00f3n y ventas\u00bb, se\u00f1alaron a T\u00e9lam los economistas Emiliano Colombo y Alejandro Robba, de la Universidad Nacional de Moreno.<\/p>\n<p>Indicaron que \u00ablos puentes tendidos por el gobierno nacional a trav\u00e9s de su pol\u00edtica econ\u00f3mica a partir de abril, colaboraron a que la ca\u00edda no fuera mayor y a adelantar la salida\u00bb.<\/p>\n<p>\u00abEsta mejora en la performance econ\u00f3mica refleja tambi\u00e9n una salida en la morosidad de muchas pymes que, por los efectos de la pandemia, hab\u00edan perdido liquidez para hacer frente a sus deudas\u00bb, subrayaron los analistas.<\/p>\n<p>Puntualizaron que \u00aben efecto, el \u00edndice de cheques rechazados que en abril hab\u00eda alcanzado un m\u00e1ximo del 14% del total de los emitidos, en octubre baj\u00f3 sensiblemente para ubicarse en niveles pre pandemia del 3%\u00bb.<\/p>\n<p>Desde el banco BBVA indicaron a T\u00e9lam: \u00abNotamos una baja de los cheques rechazados que nos devuelve a los niveles cercanos a la prepandemia\u00bb.<\/p>\n<p>\u00abPor otra parte, vemos tambi\u00e9n una recuperaci\u00f3n en los dem\u00e1s productos que hacen a la cadena de pagos, tanto en productos de cobros como de pagos, incluyendo pagos de impuestos, lo que tambi\u00e9n nos da como referencia esta mejora en todo el sistema comercial\u00bb, puntualizaron.<\/p>\n<p>En la misma l\u00ednea, el gerente de Empresas y Pymes de otro banco privado de primera l\u00ednea confirm\u00f3 a esta agencia que \u00ablos rechazos de cheques se estabilizaron hace un par de meses por debajo del 1%: de 0,75% a 0,80%\u00bb, y asegur\u00f3 que \u00abla situaci\u00f3n se muestra normalizada\u00bb.<\/p>\n<p>Record\u00f3 que \u00abal principio de la pandemia hubo momentos con ratios arriba del 10%\u00bb, pero destac\u00f3 que \u00abactualmente, son los n\u00fameros hist\u00f3ricos\u00bb.<\/p>\n<p>Por su parte, el presidente de la Federaci\u00f3n de Comercio e Industria de la Ciudad de Buenos Aires (Fecoba), Fabi\u00e1n Castillo., dijo a T\u00e9lam que \u00aben los primeros dos meses de la pandemia, fue el pico de cheques rechazados\u00bb, y subray\u00f3 que \u00abun empresario con un cheque rechazado no puede pedir mercader\u00eda al proveedor\u00bb.<\/p>\n<p>No obstante, Castillo puntualiz\u00f3 que \u00abdespu\u00e9s de la apertura, vino el funcionamiento de la cadena productiva\u00bb, y asegur\u00f3 que \u00aben estos meses se normaliz\u00f3 el sector econ\u00f3mico y productivo, desde la materia prima, hasta la producci\u00f3n y la comercializaci\u00f3n\u00bb.<\/p>\n<p>A su criterio \u00abahora hay que generar incentivo al consumo\u00bb, y afirm\u00f3 que \u00abhay una menor cantidad de cheques rechazados, pese a que estamos en deuda con la venta\u00bb.<\/p>\n<p>\u00abHay un reacomodamiento del sistema. Hay menos cantidad de cheques rechazados porque aument\u00f3 el consumo contra los meses de confinamiento, pero no en su comparaci\u00f3n interanual\u00bb, sostuvo el titular de Fecoba.<\/p>\n<p>En tanto, el economista de la Universidad Nacional de Avellaneda (Undav), Sergio Chouza opin\u00f3 que \u00abestos resultados satisfactorios son producto del proceso de normalizaci\u00f3n financiera que se est\u00e1 verificando, gracias a la normativa del Banco Central que modific\u00f3 las categor\u00edas de deudores adem\u00e1s de diferentes medidas de alivio a empresas y familias para evitar la ruptura de cadenas de pagos en el marco de la Covid-19\u00bb.<\/p>\n<p>\u00abTodo esto se enmarca en un sistema financiero que nunca perdi\u00f3 sus niveles de liquidez y solvencia, tanto en el segmento pesos como en d\u00f3lares\u00bb, afirm\u00f3 Chouza a esta agencia, al tiempo que remarc\u00f3 que \u00abArgentina tiene normas macro-prudenciales muy consistentes, que son pol\u00edtica de Estado, y le permiten estar &#8216;blindada&#8217; a los eventos econ\u00f3micos disruptivos, como fue la crisis de este a\u00f1o\u00bb.<\/p>\n<p>Por su lado, el director de la empresa de servicios financieros UG Valores, Joaqu\u00edn Marque, indic\u00f3 a T\u00e9lam que \u00abla cadena de pago muestra signos de mejoras en los \u00faltimos meses, que se debe a diversos factores\u00bb.<\/p>\n<p>Afirm\u00f3 que \u00abpor un lado las empresas empiezan a normalizar sus actividades post cuarentena, y simult\u00e1neamente los empresarios empiezan a dar cuenta de que no tiene sentido rechazar cheques cuando ya se est\u00e1 iniciando el periodo de recuperaci\u00f3n econ\u00f3mica\u00bb.<\/p>\n<p>\u00abVeremos c\u00f3mo impacta la eliminaci\u00f3n de las asistencias que llevaba adelante el Gobierno y c\u00f3mo responder\u00e1n a las diferentes obligaciones comerciales y financieras, sumadas a las necesidades para el pago de aguinaldos del mes de diciembre\u00bb, se\u00f1al\u00f3 el economista<\/p>\n<p>Puso de relieve que \u00ablas diferentes asistencias otorgadas por el Estado fueron de gran ayuda para las pymes y permitieron sostener en gran medida, los puestos de trabajo y la cadena de pago\u00bb.<\/p>\n<p>Por esto estim\u00f3 que \u00abser\u00e1 importante a medida que las asistencias vayan reduci\u00e9ndose, que las pymes encuentren en los privados, y a trav\u00e9s de incentivos del Estado, esquemas de financiamiento a tasas baratas, que sean los cimientos de la recuperaci\u00f3n econ\u00f3mica que Argentina necesita\u00bb.<\/p>\n<h6>Fuente: Telam<\/h6>\n","protected":false},"excerpt":{"rendered":"<p>Diferentes analistas coincidieron en que la cadena de pagos de la producci\u00f3n, la industria y el comercio se recompuso en estos \u00faltimos meses en que la actividad econ\u00f3mica comenz\u00f3 a normalizarse.<\/p>\n","protected":false},"author":2,"featured_media":110251,"comment_status":"closed","ping_status":"closed","sticky":false,"template":"","format":"standard","meta":{"footnotes":""},"categories":[8],"tags":[21],"class_list":["post-110250","post","type-post","status-publish","format-standard","has-post-thumbnail","hentry","category-informe-nacional","tag-argentina"],"_links":{"self":[{"href":"http:\/\/argentinamunicipal.com.ar\/argentina\/wp-json\/wp\/v2\/posts\/110250","targetHints":{"allow":["GET"]}}],"collection":[{"href":"http:\/\/argentinamunicipal.com.ar\/argentina\/wp-json\/wp\/v2\/posts"}],"about":[{"href":"http:\/\/argentinamunicipal.com.ar\/argentina\/wp-json\/wp\/v2\/types\/post"}],"author":[{"embeddable":true,"href":"http:\/\/argentinamunicipal.com.ar\/argentina\/wp-json\/wp\/v2\/users\/2"}],"replies":[{"embeddable":true,"href":"http:\/\/argentinamunicipal.com.ar\/argentina\/wp-json\/wp\/v2\/comments?post=110250"}],"version-history":[{"count":0,"href":"http:\/\/argentinamunicipal.com.ar\/argentina\/wp-json\/wp\/v2\/posts\/110250\/revisions"}],"wp:featuredmedia":[{"embeddable":true,"href":"http:\/\/argentinamunicipal.com.ar\/argentina\/wp-json\/wp\/v2\/media\/110251"}],"wp:attachment":[{"href":"http:\/\/argentinamunicipal.com.ar\/argentina\/wp-json\/wp\/v2\/media?parent=110250"}],"wp:term":[{"taxonomy":"category","embeddable":true,"href":"http:\/\/argentinamunicipal.com.ar\/argentina\/wp-json\/wp\/v2\/categories?post=110250"},{"taxonomy":"post_tag","embeddable":true,"href":"http:\/\/argentinamunicipal.com.ar\/argentina\/wp-json\/wp\/v2\/tags?post=110250"}],"curies":[{"name":"wp","href":"https:\/\/api.w.org\/{rel}","templated":true}]}}