{"id":110275,"date":"2020-12-16T05:31:58","date_gmt":"2020-12-16T08:31:58","guid":{"rendered":"http:\/\/argentinamunicipal.com.ar\/argentina\/?p=110275"},"modified":"2020-12-15T13:34:31","modified_gmt":"2020-12-15T16:34:31","slug":"industrias-a-punto-de-recuperar-niveles-prepandemia","status":"publish","type":"post","link":"http:\/\/argentinamunicipal.com.ar\/argentina\/industrias-a-punto-de-recuperar-niveles-prepandemia\/","title":{"rendered":"Industrias, a punto de recuperar niveles prepandemia"},"content":{"rendered":"<p>Seg\u00fan un informe de la UIA, los n\u00fameros de septiembre son similares a los de los primeros meses del a\u00f1o.<\/p>\n<p>La cantidad de empresas empleadoras en el sector de la industria manufacturera ya casi alcanz\u00f3 los niveles registrados antes de la pandemia, seg\u00fan un informe de la Uni\u00f3n Industrial Argentina (UIA).<\/p>\n<p>Datos actualizados hasta septiembre indican que hab\u00eda registradas 525.000 empresas (21.599 menos que el mismo mes del a\u00f1o anterior), seg\u00fan la base de datos de AFIP publicada en el bolet\u00edn de seguridad social.<\/p>\n<p>Con respecto a los empleadores industriales, la cifra es de 50.236 empresas, 1.057 menos que hace un a\u00f1o.<\/p>\n<p>Sin embargo, se encuentran casi en los niveles prepandemia, con solo 82 empresas menos que en febrero, dice el informe de la UIA.<\/p>\n<p>Otros sectores tambi\u00e9n han sufrido importantes ca\u00eddas en el per\u00edodo: en especial comercio y transporte, con 6.053 y 3.285 empresas declarantes menos, respectivamente, que en septiembre de 2019.<\/p>\n<p>La UIA dijo que la ca\u00edda de la actividad y el empleo se refleja en la menor cantidad de empleadores que registraron declaraciones juradas en el Sistema Previsional Argentino (SIPA) en septiembre (-4% interanual).<\/p>\n<p>En el caso de la industria, se recort\u00f3 la ca\u00edda, alcanzando una contracci\u00f3n del 2,1% interanual.<\/p>\n<p>La disminuci\u00f3n registrada fue la menor desde junio de 2018.<\/p>\n<p>Aunque tambi\u00e9n moderaron su ca\u00edda resultado del avance en el nivel de actividad, la construcci\u00f3n, los servicios de transporte y almacenamiento y los de alojamiento y comida siguen siendo los sectores m\u00e1s afectados (mermas del 8,2%, el 7,9% y el 9% respectivamente).<\/p>\n<p>En septiembre hubo una nueva mejora en el n\u00famero de asalariados registrados del sector privado, con la primera evoluci\u00f3n mensual positiva desde abril de 2018 (+0,1%; +6.508 puestos).<\/p>\n<p>Aun as\u00ed, en la comparaci\u00f3n interanual la ca\u00edda en la cantidad de puestos de trabajo fue del -4,4% (-266 mil puestos) y se mantuvo elevada en el marco de la crisis econ\u00f3mica.<\/p>\n<p>Con estos datos, totalizan 25 meses consecutivos de ca\u00edda anual ininterrumpida del empleo asalariado registrado privado.<\/p>\n<p>Aunque m\u00e1s actividades mostraron una evoluci\u00f3n mensual positiva en septiembre, se mantuvo la heterogeneidad entre sectores y la p\u00e9rdida interanual de puestos de trabajo fue generalizada.<\/p>\n<p>Pron\u00f3stico<\/p>\n<p>Por otra parte y de acuerdo con un sondeo privado, durante el 2021 solo tres de cada 10 empresas consultadas prev\u00e9n aumentar su dotaci\u00f3n de personal, pero otro 20% planea reducirla. El 65% de las empresas consultadas admiti\u00f3 que terminan el a\u00f1o con \u00abpreocupaci\u00f3n, incertidumbre y problemas econ\u00f3micos\u00bb.<\/p>\n<p>M\u00e1s de la mitad (54%) proyecta mantener la dotaci\u00f3n, de acuerdo con un relevamiento de la compa\u00f1\u00eda de recursos humanos Adecco Argentina.<\/p>\n<h6>Fuente: El Ancasti<\/h6>\n","protected":false},"excerpt":{"rendered":"<p>Seg\u00fan un informe de la UIA, los n\u00fameros de septiembre son similares a los de los primeros meses del a\u00f1o.\u00a0<\/p>\n","protected":false},"author":2,"featured_media":110276,"comment_status":"closed","ping_status":"closed","sticky":false,"template":"","format":"standard","meta":{"footnotes":""},"categories":[8],"tags":[21],"class_list":["post-110275","post","type-post","status-publish","format-standard","has-post-thumbnail","hentry","category-informe-nacional","tag-argentina"],"_links":{"self":[{"href":"http:\/\/argentinamunicipal.com.ar\/argentina\/wp-json\/wp\/v2\/posts\/110275","targetHints":{"allow":["GET"]}}],"collection":[{"href":"http:\/\/argentinamunicipal.com.ar\/argentina\/wp-json\/wp\/v2\/posts"}],"about":[{"href":"http:\/\/argentinamunicipal.com.ar\/argentina\/wp-json\/wp\/v2\/types\/post"}],"author":[{"embeddable":true,"href":"http:\/\/argentinamunicipal.com.ar\/argentina\/wp-json\/wp\/v2\/users\/2"}],"replies":[{"embeddable":true,"href":"http:\/\/argentinamunicipal.com.ar\/argentina\/wp-json\/wp\/v2\/comments?post=110275"}],"version-history":[{"count":0,"href":"http:\/\/argentinamunicipal.com.ar\/argentina\/wp-json\/wp\/v2\/posts\/110275\/revisions"}],"wp:featuredmedia":[{"embeddable":true,"href":"http:\/\/argentinamunicipal.com.ar\/argentina\/wp-json\/wp\/v2\/media\/110276"}],"wp:attachment":[{"href":"http:\/\/argentinamunicipal.com.ar\/argentina\/wp-json\/wp\/v2\/media?parent=110275"}],"wp:term":[{"taxonomy":"category","embeddable":true,"href":"http:\/\/argentinamunicipal.com.ar\/argentina\/wp-json\/wp\/v2\/categories?post=110275"},{"taxonomy":"post_tag","embeddable":true,"href":"http:\/\/argentinamunicipal.com.ar\/argentina\/wp-json\/wp\/v2\/tags?post=110275"}],"curies":[{"name":"wp","href":"https:\/\/api.w.org\/{rel}","templated":true}]}}