{"id":110310,"date":"2020-12-16T05:10:18","date_gmt":"2020-12-16T08:10:18","guid":{"rendered":"http:\/\/argentinamunicipal.com.ar\/argentina\/?p=110310"},"modified":"2020-12-16T06:38:59","modified_gmt":"2020-12-16T09:38:59","slug":"moroni-dijo-que-el-gobierno-analiza-incentivar-contrataciones-laborales-pero-no-con-un-blanqueo","status":"publish","type":"post","link":"http:\/\/argentinamunicipal.com.ar\/argentina\/moroni-dijo-que-el-gobierno-analiza-incentivar-contrataciones-laborales-pero-no-con-un-blanqueo\/","title":{"rendered":"Moroni dijo que el Gobierno analiza incentivar contrataciones laborales pero no con un blanqueo"},"content":{"rendered":"<p>El ministro de Trabajo asegur\u00f3 que el Ejecutivo trabaja en un esquema que incluya una \u00abdiscriminaci\u00f3n positiva\u00bb entre los sectores m\u00e1s afectados por la p\u00e9rdida de empleo, y que \u00abno est\u00e1 en carpeta establecer modificaciones en los aportes patronales\u00bb.<\/p>\n<p>El ministro de Trabajo, Claudio Moroni, asegur\u00f3 que el Gobierno analiza un esquema para incentivar nuevas contrataciones laborales que incluya una \u00abdiscriminaci\u00f3n positiva\u00bb entre los sectores m\u00e1s afectados por la p\u00e9rdida de empleo, al tiempo que afirm\u00f3 que \u00abno est\u00e1 en carpeta establecer modificaciones en los aportes patronales\u00bb ni llevar adelante un \u00abblanqueo laboral\u00bb.<\/p>\n<p>En ese sentido, sostuvo que se est\u00e1 trabajando sobre disminuir contribuciones en nuevas contrataciones de acuerdo al tama\u00f1o de la empresa, su ubicaci\u00f3n geogr\u00e1fica y a qu\u00e9 grupo etario pertenezca el trabajador, con especial \u00e9nfasis en mujeres j\u00f3venes.<\/p>\n<p>\u00abEstamos pensando cuestiones muy puntuales en determinadas actividades o grupos para favorecer a ciertos trabajadores. No est\u00e1 en carpeta establecer modificaciones en las contribuciones patronales\u00bb, asegur\u00f3 Moroni al participar en un\u00a0seminario virtual organizado por el Consejo Internacional de Comercio y Producci\u00f3n (CICyP).<\/p>\n<p>Al respecto dijo que \u00abla experiencia muestra que cuando en la Argentina crece el empleo crece bien\u00bb aunque s\u00ed se puede discutir c\u00f3mo incentivar nuevas contrataciones aplicando una \u00abdiscriminaci\u00f3n positiva entre j\u00f3venes o grupos m\u00e1s afectados por el empleo: mujeres j\u00f3venes y pobres\u00bb.<\/p>\n<p>Seg\u00fan el ministro,\u00a0el Gobierno tiene \u00abla vocaci\u00f3n de fomentar empleo\u00bb\u00a0y para ello est\u00e1\u00a0trabajando junto al sector privado en un programa de formaci\u00f3n y capacitaci\u00f3n, adem\u00e1s de una\u00a0\u00abreglamentaci\u00f3n dialogada\u00bb de la ley de teletrabajo que ser\u00e1 \u00abmuy razonable\u00bb.<\/p>\n<p>\u00abNecesitamos formar gente con un criterio amplio\u00bb, afirm\u00f3 Moroni, para quien el mercado laboral tiene \u00abproblemas reales que no van a tener resoluci\u00f3n r\u00e1pida\u00bb y que por eso son necesarios los programas de capacitaci\u00f3n, ya que el sistema educativo formal \u00abno puede darnos respuesta en los plazos que necesitamos\u00bb.<\/p>\n<p>\u00abLos mecanismos tienen que ser otros: trabajar entre sector privado y p\u00fablico para tener una formaci\u00f3n profesional que se adapte a las necesidades\u00bb, dijo Moroni.<\/p>\n<p>Durante el encuentro, que cont\u00f3 con la participaci\u00f3n de 140 asistentes, entre los cuales estuvieron los principales dirigentes de c\u00e1maras empresarias del pa\u00eds, Moroni fue consultado sobre la posibilidad de menores cargas patronales y en un blanqueo laboral para el cerca del 40% de los trabajadores que se desempe\u00f1an en el sector informal.<\/p>\n<p>Sobre este \u00faltimo punto, el ministro asegur\u00f3 que \u00abla informalidad es un fen\u00f3meno que hay que atacarlo de un modo m\u00e1s amplio que a trav\u00e9s de un blanqueo\u00bb y que, a pesar de que ha habido numerosos blanqueos en el pasado \u00abninguno dio mucho resultado\u00bb.<\/p>\n<p>\u00abHoy no estamos pensando en ning\u00fan blanqueo laboral\u00bb,\u00a0sentenci\u00f3.<\/p>\n<p>No obstante, subray\u00f3 que \u00abla imposici\u00f3n de normas no es un modelo que queremos usar, sino uno en donde la negociaci\u00f3n colectiva tenga las herramientas para ir llevando el dise\u00f1o de la relaci\u00f3n de trabajo, en funci\u00f3n de las necesidades del momento y de los derechos de los trabajadores\u00bb.<\/p>\n<p>Por \u00faltimo, convoc\u00f3 a\u00a0\u00abreabrir el debate por la productividad\u00bb\u00a0en las negociaciones colectivas ya que, si bien hist\u00f3ricamente se asoci\u00f3 a la intensificaci\u00f3n de las tareas, dijo que tiene que darse el debate \u00abcon un abordaje desde el sentido m\u00e1s amplio\u00bb.<\/p>\n<p>\u00abLas mejoras en las condiciones de trabajo, la participaci\u00f3n de los trabajadores en los dise\u00f1os de sistemas y la formaci\u00f3n constante son algunos de los factores a analizar en la productividad\u00bb, asever\u00f3 el titular de la cartera de Trabajo.<\/p>\n<p>Del encuentro participaron el presidente del CICyP, Daniel Funes de Rioja; el presidente de la Uni\u00f3n Industrial Argentina (UIA), Miguel Acevedo; el presidente de la Asociaci\u00f3n de Bancos Argeninos (Adeba), Javier Bolzico; y el presidente de la C\u00e1mara Argentina de Comercio (CAC), Mario Grinman.<\/p>\n<p>Tambi\u00e9n asistieron a la presentaci\u00f3n el vicepresidente tercero de la C\u00e1mara Argentina de la Construcci\u00f3n (Camarco), Miguel Marconi y, en representaci\u00f3n de la Bolsa de Comercio de Buenos Aires, Adelmo Gabbi.<\/p>\n<h6>Fuente: Telam<\/h6>\n","protected":false},"excerpt":{"rendered":"<p>El ministro de Trabajo asegur\u00f3 que el Ejecutivo trabaja en un esquema que incluya una \u00abdiscriminaci\u00f3n positiva\u00bb entre los sectores m\u00e1s afectados por la p\u00e9rdida de empleo, y que \u00abno est\u00e1 en carpeta establecer modificaciones en los aportes patronales\u00bb.<\/p>\n","protected":false},"author":2,"featured_media":110311,"comment_status":"closed","ping_status":"closed","sticky":false,"template":"","format":"standard","meta":{"footnotes":""},"categories":[8],"tags":[21],"class_list":["post-110310","post","type-post","status-publish","format-standard","has-post-thumbnail","hentry","category-informe-nacional","tag-argentina"],"_links":{"self":[{"href":"http:\/\/argentinamunicipal.com.ar\/argentina\/wp-json\/wp\/v2\/posts\/110310","targetHints":{"allow":["GET"]}}],"collection":[{"href":"http:\/\/argentinamunicipal.com.ar\/argentina\/wp-json\/wp\/v2\/posts"}],"about":[{"href":"http:\/\/argentinamunicipal.com.ar\/argentina\/wp-json\/wp\/v2\/types\/post"}],"author":[{"embeddable":true,"href":"http:\/\/argentinamunicipal.com.ar\/argentina\/wp-json\/wp\/v2\/users\/2"}],"replies":[{"embeddable":true,"href":"http:\/\/argentinamunicipal.com.ar\/argentina\/wp-json\/wp\/v2\/comments?post=110310"}],"version-history":[{"count":0,"href":"http:\/\/argentinamunicipal.com.ar\/argentina\/wp-json\/wp\/v2\/posts\/110310\/revisions"}],"wp:featuredmedia":[{"embeddable":true,"href":"http:\/\/argentinamunicipal.com.ar\/argentina\/wp-json\/wp\/v2\/media\/110311"}],"wp:attachment":[{"href":"http:\/\/argentinamunicipal.com.ar\/argentina\/wp-json\/wp\/v2\/media?parent=110310"}],"wp:term":[{"taxonomy":"category","embeddable":true,"href":"http:\/\/argentinamunicipal.com.ar\/argentina\/wp-json\/wp\/v2\/categories?post=110310"},{"taxonomy":"post_tag","embeddable":true,"href":"http:\/\/argentinamunicipal.com.ar\/argentina\/wp-json\/wp\/v2\/tags?post=110310"}],"curies":[{"name":"wp","href":"https:\/\/api.w.org\/{rel}","templated":true}]}}