{"id":110365,"date":"2020-12-17T05:17:42","date_gmt":"2020-12-17T08:17:42","guid":{"rendered":"http:\/\/argentinamunicipal.com.ar\/argentina\/?p=110365"},"modified":"2020-12-16T21:19:16","modified_gmt":"2020-12-17T00:19:16","slug":"georgieva-trabajamos-de-forma-constructiva-con-argentina","status":"publish","type":"post","link":"http:\/\/argentinamunicipal.com.ar\/argentina\/georgieva-trabajamos-de-forma-constructiva-con-argentina\/","title":{"rendered":"Georgieva:\u00a0\u201cTrabajamos de forma constructiva con Argentina\u00bb"},"content":{"rendered":"<p>La funcionaria insisti\u00f3 adem\u00e1s con la necesidad de que los pa\u00edses de la regi\u00f3n mantengan los programas de ayuda dise\u00f1ados para transitar la pandemia porque la amenaza de una segunda ola est\u00e1 latente.<\/p>\n<p>\u201cNuestro compromiso continuar\u00e1 tanto tiempo como sea necesario para que Argentina tenga claridad sobre sus objetivos de medio plazo: queremos trabajar juntos\u201d, asegur\u00f3 este mi\u00e9rcoles la titular del Fondo Monetario Internacional, Kristalina Georgieva, cuando se le pregunt\u00f3 en una entrevista con el diario espa\u00f1ol El Pa\u00eds si ve\u00eda factible alcanzar un acuerdo en marzo como espera el gobierno de Alberto Fern\u00e1ndez. Adem\u00e1s, insisti\u00f3 con la necesidad de que los pa\u00edses latinoamericanos mantengan los programas de ayuda dise\u00f1ados para transitar la pandemia porque la amenaza de una segunda ola est\u00e1 latente.<\/p>\n<p>La funcionaria de origen b\u00falgaro destac\u00f3 adem\u00e1s la negociaci\u00f3n que viene llevando adelante con Argentina. \u201cTrabajamos de forma constructiva con Argentina: hemos hecho dos visitas a Buenos Aires y acabamos de recibir a un equipo [de t\u00e9cnicos] en Washington\u201d, remarc\u00f3.<\/p>\n<p>Georgieva destac\u00f3 adem\u00e1s la importancia de los programas econ\u00f3micos de emergencia que desplegaron los pa\u00edses de la regi\u00f3n para enfrentar la covid-19 y reitero que la asistencia todav\u00eda debe mantenerse. \u201cA\u00fan no estamos fuera de peligro: la pandemia no ha terminado. Es por eso que recomendamos a los pa\u00edses que mantengan el apoyo, centr\u00e1ndolo sobre todo en los m\u00e1s vulnerables, pero que lo mantengan\u201d, sostuvo.<\/p>\n<p>La titular del FMI asegur\u00f3 que desde los primeros d\u00edas de la pandemia se ha enfrentado un riesgo muy significativo de incremento de la pobreza en las cuatro mayores econom\u00edas de Latinoam\u00e9rica:\u00a0Brasil, M\u00e9xico, Argentina y Colombia.\u00a0\u201cSi se ha contenido esto es, precisamente, gracias a esas pol\u00edticas de apoyo. Y la primera prioridad debe seguir siendo evitar que la pobreza se dispare.\u00a0Quitar ese salvavidas prematuramente es un peligro en t\u00e9rminos de pobreza y desigualdad. Y retirar ahora el apoyo tambi\u00e9n obstaculizar\u00eda la recuperaci\u00f3n\u201d, dijo Georgieva.<\/p>\n<p>Para reforzar su argumento asegur\u00f3 que los pa\u00edses que m\u00e1s r\u00e1pido se est\u00e1n recuperando tienen en com\u00fan haber logrado controlar la pandemia y haber ayudado a las personas y a las empresas. Son los casos de\u00a0China, Vietnam y Corea del Sur, que cerrar\u00e1n 2020 con tasas de crecimiento positivas.<\/p>\n<p>La declaraci\u00f3n de la economista es en respuesta al\u00a0presidente de Brasil, Jair Bolsonaro, quien asegur\u00f3 que no extender\u00e1 los programas de ayuda m\u00e1s all\u00e1 de este 21 de diciembre. La situaci\u00f3n es at\u00edpica porque por lo general siempre ha sido el FMI el que ha instado a los pa\u00edses de la regi\u00f3n a recortar sus niveles de gasto, enfrentando la resistencia de los gobernantes locales.\u00a0Ahora es el Fondo el que pide mantener la ayuda y Bolsonaro es quien quiere profundizar el ajuste fiscal.<\/p>\n<p>Georgieva ve necesario que los gobiernos latinoamericanos apuntalen la actividad econ\u00f3mica porque considera que,\u00a0pese a la aparici\u00f3n de las vacunas, el riesgo de la segunda ola, que est\u00e1 golpeando duro a Estados Unidos y Europa, sigue siendo una amenaza cierta para Am\u00e9rica Latina\u00a0y si llega el golpe podr\u00eda ser m\u00e1s duro a\u00fan de lo que se est\u00e1 viendo ahora en Europa. De hecho, la directora general del Fondo remarc\u00f3 que\u00a0Am\u00e9rica Latina tiene el 8 por ciento de la poblaci\u00f3n mundial, pero ha sufrido el 20 por ciento de los contagios y el 30 por ciento de las muertes\u00a0por la fragilidad que tienen los sistemas de salud en los distintos pa\u00edses. \u201cEsperamos que, a futuro, los pa\u00edses prioricen la inversi\u00f3n en salud, en educaci\u00f3n y en protecci\u00f3n social\u201d, insisti\u00f3.<\/p>\n<p>\u201cReconocemos que Am\u00e9rica Latina ha estado trabajando duro para reducir la desigualdad antes de la crisis, pero tambi\u00e9n es cierto que entr\u00f3 en la pandemia siendo la regi\u00f3n m\u00e1s desigual del mundo. Y, lamentablemente, la historia nos dice que una pandemia conduce a una mayor inequidad y que esta tiende a mantenerse en el tiempo\u201d, advirti\u00f3.<\/p>\n<p>Cuando le preguntaron qu\u00e9 riesgos econ\u00f3micos observa en el rebote que se espera para 2021 y 2022 sostuvo que\u00a0hay un riesgo de que la recuperaci\u00f3n sea en forma de K. \u201ccon los m\u00e1s formados, generalmente vinculados a lo digital, volviendo r\u00e1pidamente [a la situaci\u00f3n previa a la crisis] y los menos formados y menos conectados digitalmente qued\u00e1ndose atr\u00e1s\u201d. Por eso subray\u00f3 en el papel clave que deben cumplir los Estados.<\/p>\n<h6>Fuente: P\u00e1gina 12<\/h6>\n","protected":false},"excerpt":{"rendered":"<p>La funcionaria insisti\u00f3 adem\u00e1s con la necesidad de que los pa\u00edses de la regi\u00f3n mantengan los programas de ayuda dise\u00f1ados para transitar la pandemia porque la amenaza de una segunda ola est\u00e1 latente.\u00a0<\/p>\n","protected":false},"author":2,"featured_media":110366,"comment_status":"closed","ping_status":"closed","sticky":false,"template":"","format":"standard","meta":{"footnotes":""},"categories":[8],"tags":[21],"class_list":["post-110365","post","type-post","status-publish","format-standard","has-post-thumbnail","hentry","category-informe-nacional","tag-argentina"],"_links":{"self":[{"href":"http:\/\/argentinamunicipal.com.ar\/argentina\/wp-json\/wp\/v2\/posts\/110365","targetHints":{"allow":["GET"]}}],"collection":[{"href":"http:\/\/argentinamunicipal.com.ar\/argentina\/wp-json\/wp\/v2\/posts"}],"about":[{"href":"http:\/\/argentinamunicipal.com.ar\/argentina\/wp-json\/wp\/v2\/types\/post"}],"author":[{"embeddable":true,"href":"http:\/\/argentinamunicipal.com.ar\/argentina\/wp-json\/wp\/v2\/users\/2"}],"replies":[{"embeddable":true,"href":"http:\/\/argentinamunicipal.com.ar\/argentina\/wp-json\/wp\/v2\/comments?post=110365"}],"version-history":[{"count":0,"href":"http:\/\/argentinamunicipal.com.ar\/argentina\/wp-json\/wp\/v2\/posts\/110365\/revisions"}],"wp:featuredmedia":[{"embeddable":true,"href":"http:\/\/argentinamunicipal.com.ar\/argentina\/wp-json\/wp\/v2\/media\/110366"}],"wp:attachment":[{"href":"http:\/\/argentinamunicipal.com.ar\/argentina\/wp-json\/wp\/v2\/media?parent=110365"}],"wp:term":[{"taxonomy":"category","embeddable":true,"href":"http:\/\/argentinamunicipal.com.ar\/argentina\/wp-json\/wp\/v2\/categories?post=110365"},{"taxonomy":"post_tag","embeddable":true,"href":"http:\/\/argentinamunicipal.com.ar\/argentina\/wp-json\/wp\/v2\/tags?post=110365"}],"curies":[{"name":"wp","href":"https:\/\/api.w.org\/{rel}","templated":true}]}}