{"id":110371,"date":"2020-12-17T05:00:29","date_gmt":"2020-12-17T08:00:29","guid":{"rendered":"http:\/\/argentinamunicipal.com.ar\/argentina\/?p=110371"},"modified":"2020-12-16T21:24:41","modified_gmt":"2020-12-17T00:24:41","slug":"la-cepal-preve-una-recuperacion-de-49-de-la-economia-argentina-en-2021","status":"publish","type":"post","link":"http:\/\/argentinamunicipal.com.ar\/argentina\/la-cepal-preve-una-recuperacion-de-49-de-la-economia-argentina-en-2021\/","title":{"rendered":"La Cepal prev\u00e9 una recuperaci\u00f3n de 4,9% de la econom\u00eda argentina en 2021"},"content":{"rendered":"<p>En una conferencia de prensa virtual, la secretaria ejecutiva del organismo de las Naciones Unidas, Alicia B\u00e1rcena, se\u00f1al\u00f3 que \u00abes la peor contracci\u00f3n mundial en muchos a\u00f1os, la \u00fanica excepci\u00f3n es China, y esto tiene gran importancia para nuestra regi\u00f3n\u00bb.<\/p>\n<p>La econom\u00eda argentina tendr\u00e1 una recuperaci\u00f3n del 4,9% en 2021, mientras que este a\u00f1o caer\u00e1 10,5% por efecto de la pandemia de coronavirus y en el marco de una contracci\u00f3n global, de acuerdo con un informe de la Comisi\u00f3n Econ\u00f3mica para Am\u00e9rica Latina y el Caribe (Cepal).<\/p>\n<p>Seg\u00fan el Balance Preliminar de las Econom\u00edas de Am\u00e9rica Latina y el Caribe 2020, la econom\u00eda de Am\u00e9rica Latina y Caribe se contraer\u00e1 7,7% en 2020, con la mayor ca\u00edda en Venezuela (-30%) y menor en Paraguay (-1,6%) y Guatemala (-2,5%).<\/p>\n<p>Para la\u00a0Argentina, la Cepal espera una ca\u00edda de 10,5% este a\u00f1o, mientras que para pa\u00edses vecinos proyecta una baja de 4,5% en Uruguay, 5,3% en Brasil y 6% en Chile.<\/p>\n<p>En tanto, en\u00a02021 el organismo proyect\u00f3 que habr\u00e1 un rebote de las econom\u00edas de Am\u00e9rica Latina y Caribe de 3,7%,\u00a0con un crecimiento para la Argentina de 4,9%, la mayor recuperaci\u00f3n para Per\u00fa en 9% y crecimientos de 5% para Chile, 4% para Uruguay y 3,2% para Brasil.<\/p>\n<p>En una conferencia de prensa virtual, la secretaria ejecutiva del organismo de las Naciones Unidas, Alicia B\u00e1rcena, se\u00f1al\u00f3 que \u00abes la peor contracci\u00f3n mundial en muchos a\u00f1os, la \u00fanica excepci\u00f3n es China, y esto tiene gran importancia para nuestra regi\u00f3n\u00bb.<\/p>\n<p>Consultada por T\u00e9lam, B\u00e1rcena sostuvo que el crecimiento de China, sumado al aumento de los precios internacionales de commodities, \u00aben el caso de Argentina es muy relevante, China es el principal destino de exportaciones de soja en Argentina\u00bb.<\/p>\n<p>\u00abChina crecer\u00e1 este a\u00f1o 1,9% y el pr\u00f3ximo 8,1% y habr\u00e1 recuperaci\u00f3n de precios y cantidades de exportaciones de productos agr\u00edcolas, adem\u00e1s habr\u00e1 un crecimiento de la econom\u00eda argentina de 4,9%, esto es una expectativa que ayuda a mejorar tanto el consumo interno como el aspecto externo\u00bb, afirm\u00f3.<\/p>\n<p>B\u00e1rcena destac\u00f3 que \u00aba nivel global hubo una respuesta muy importante de anuncio de paquetes fiscales sin precedentes\u00bb, y advirti\u00f3 que todas las proyecciones \u00abest\u00e1n sujetas a una gran incertidumbre, no sabemos qu\u00e9 va a pasar con la distribuci\u00f3n y aplicaci\u00f3n de la vacuna, c\u00f3mo va a seguir la liquidez global, si se van a sostener las medidas fiscales o no\u00bb.<\/p>\n<p><strong>La econom\u00eda mundial<\/strong><\/p>\n<p>La Cepal indic\u00f3 que la\u00a0econom\u00eda mundial caer\u00e1 4,4% en 2021 y un crecimiento de 5,2% en 2021, y que el comercio mundial registrar\u00e1 una ca\u00edda de 9,2% en 2020, que es la ca\u00edda m\u00e1s profunda desde la crisis subprime de 2009 cuando cay\u00f3 12,8%.<\/p>\n<p>\u00abLa diferencia es que la recuperaci\u00f3n despu\u00e9s de la crisis subprime fue 13,9% y ahora ser\u00e1 apenas 7,2% en 2021\u00bb, se\u00f1al\u00f3 B\u00e1rcena.<\/p>\n<p>Aclar\u00f3 que \u00abel comercio fue afectado por la pandemia pero tambi\u00e9n hay un proceso comercial que comenz\u00f3 desde antes de la pandemia, una reorganizaci\u00f3n mundial en la que ha cambiado la din\u00e1mica del comercio\u00bb.<\/p>\n<p>Asimismo, observ\u00f3 que\u00a0\u00abChina es el \u00fanico pa\u00eds que se va a observar crecimiento de exportaciones e importaciones\u00bb.<\/p>\n<p>Destac\u00f3 adem\u00e1s que \u00abla regi\u00f3n est\u00e1 recibiendo flujos financieros que permitir\u00edan cubrir d\u00e9ficit en cuentas corrientes y aumentar reservas pero esto es heterog\u00e9neo\u00bb y agreg\u00f3: \u00abEl riesgo soberano ha disminuido, las negociaciones de Argentina y Ecuador han ayudado\u00bb.<\/p>\n<p>Por otra parte, la Cepal indic\u00f3 que\u00a0se revirtieron las ca\u00eddas de los commodities y est\u00e1n en niveles m\u00e1s altos prepandemia, excepto los productos energ\u00e9ticos, que los que m\u00e1s han logrado recuperarse son los metales y los productos agr\u00edcolas y que en 2021 habr\u00e1 mejor comportamiento de los precios.<\/p>\n<p>B\u00e1rcena sostuvo que \u00aben el tercer trimestre se atenu\u00f3 la ca\u00edda\u00bb de las econom\u00edas \u00abdebido a la reapertura de actividades econ\u00f3micas y enormes ayudas fiscales que recibieron las familias y las empresas\u00bb.<\/p>\n<p>Destac\u00f3 que \u00abel gasto p\u00fablico ha aumentado fuertemente priorizando las transferencias corrientes a hogares y sector productivo\u00bb y que \u00aben todos los pa\u00edses hay aumento muy importante del d\u00e9ficit primario\u00bb.<\/p>\n<p>\u00abEn vista de una segunda ola, sabemos que las vacunas est\u00e1n ah\u00ed, tenemos informaci\u00f3n y que nuestros gobiernos est\u00e1n haciendo esfuerzos por obtener estas vacunas; s\u00ed hay que pensar que estas vacunas van a requerir de mucho apoyo, sistemas de refrigeraci\u00f3n y distribuci\u00f3n\u00bb, concluy\u00f3.<\/p>\n<h6>Fuente: Telam<\/h6>\n","protected":false},"excerpt":{"rendered":"<p>En una conferencia de prensa virtual, la secretaria ejecutiva del organismo de las Naciones Unidas, Alicia B\u00e1rcena, se\u00f1al\u00f3 que \u00abes la peor contracci\u00f3n mundial en muchos a\u00f1os, la \u00fanica excepci\u00f3n es China, y esto tiene gran importancia para nuestra regi\u00f3n\u00bb.<\/p>\n","protected":false},"author":2,"featured_media":110372,"comment_status":"closed","ping_status":"closed","sticky":false,"template":"","format":"standard","meta":{"footnotes":""},"categories":[8],"tags":[21],"class_list":["post-110371","post","type-post","status-publish","format-standard","has-post-thumbnail","hentry","category-informe-nacional","tag-argentina"],"_links":{"self":[{"href":"http:\/\/argentinamunicipal.com.ar\/argentina\/wp-json\/wp\/v2\/posts\/110371","targetHints":{"allow":["GET"]}}],"collection":[{"href":"http:\/\/argentinamunicipal.com.ar\/argentina\/wp-json\/wp\/v2\/posts"}],"about":[{"href":"http:\/\/argentinamunicipal.com.ar\/argentina\/wp-json\/wp\/v2\/types\/post"}],"author":[{"embeddable":true,"href":"http:\/\/argentinamunicipal.com.ar\/argentina\/wp-json\/wp\/v2\/users\/2"}],"replies":[{"embeddable":true,"href":"http:\/\/argentinamunicipal.com.ar\/argentina\/wp-json\/wp\/v2\/comments?post=110371"}],"version-history":[{"count":0,"href":"http:\/\/argentinamunicipal.com.ar\/argentina\/wp-json\/wp\/v2\/posts\/110371\/revisions"}],"wp:featuredmedia":[{"embeddable":true,"href":"http:\/\/argentinamunicipal.com.ar\/argentina\/wp-json\/wp\/v2\/media\/110372"}],"wp:attachment":[{"href":"http:\/\/argentinamunicipal.com.ar\/argentina\/wp-json\/wp\/v2\/media?parent=110371"}],"wp:term":[{"taxonomy":"category","embeddable":true,"href":"http:\/\/argentinamunicipal.com.ar\/argentina\/wp-json\/wp\/v2\/categories?post=110371"},{"taxonomy":"post_tag","embeddable":true,"href":"http:\/\/argentinamunicipal.com.ar\/argentina\/wp-json\/wp\/v2\/tags?post=110371"}],"curies":[{"name":"wp","href":"https:\/\/api.w.org\/{rel}","templated":true}]}}