{"id":110393,"date":"2020-12-17T06:37:44","date_gmt":"2020-12-17T09:37:44","guid":{"rendered":"http:\/\/argentinamunicipal.com.ar\/argentina\/?p=110393"},"modified":"2020-12-17T06:37:44","modified_gmt":"2020-12-17T09:37:44","slug":"comenzaron-a-funcionar-ferias-y-mercados-navidenos-en-rosario","status":"publish","type":"post","link":"http:\/\/argentinamunicipal.com.ar\/argentina\/comenzaron-a-funcionar-ferias-y-mercados-navidenos-en-rosario\/","title":{"rendered":"Comenzaron a funcionar ferias y mercados navide\u00f1os en Rosario"},"content":{"rendered":"<p>Hasta el 24 de diciembre podr\u00e1n encontrarse productos y creaciones elaboradas por emprendedores y emprendedoras locales en el marco de los programas de Econom\u00eda Social.<\/p>\n<p>Desde el martes 15 de diciembre en todos los distritos de Rosario y de acuerdo a un cronograma, funcionan las Ferias y Mercados Navide\u00f1os acompa\u00f1ando a los tradicionales espacios de comercializaci\u00f3n de Econom\u00eda Social en parques y plazas de la ciudad.<\/p>\n<p>El Calendario de Ferias y Mercados Navide\u00f1os funciona desde el 15 al 24 de diciembre, para que los vecinos y vecinas puedan encontrar diferentes propuestas en todos los distritos. En este marco\u00a0ofrecer\u00e1n una canasta navide\u00f1a de alimentos y bolsones de verduras y frutas.<\/p>\n<p>Adem\u00e1s, habr\u00e1 espacios fijos en el Biomercado del Mercado del Patio de 9 a 20 y en el Mercado de aromas y sabores en el Palace Garden de 11 a 15.<\/p>\n<p>En un recorrida por la feria de avenida San Mart\u00edn y Ayolas, el intendente Javkin se\u00f1al\u00f3: \u201cEste es un a\u00f1o muy especial para todos, y en ese sentido tenemos que estar apoyando. Tambi\u00e9n estamos viendo la posibilidad de que, con cuidados, entendiendo que ac\u00e1 no termin\u00f3 nada, podemos disfrutar de las Fiestas. Vamos a realizar en toda la ciudad nuestras ferias de Econom\u00eda Social, con un calendario y con una canasta navide\u00f1a muy accesible y con la posibilidad de que los productores puedan vender sus productos a precios accesibles y as\u00ed darnos una mano entre todos\u201d.<\/p>\n<p>\u201cLo importante tambi\u00e9n es que todos los productos son elaborados por los propios emprendedores, es decir, no hay intermediaci\u00f3n\u201d, mencion\u00f3 el intendente.<\/p>\n<p>Adem\u00e1s, Javkin\u00a0record\u00f3 la necesidad de mantener el cuidado ante el virus: \u201cSe vienen las Fiestas, sigamos manteniendo la distancia, hagamos las reuniones al aire libre, es importante seguir cuid\u00e1ndonos\u201d, admiti\u00f3.<\/p>\n<p>Algunas de las ofertas<br \/>\nLas canastas navide\u00f1as se podr\u00e1n adquirir desde $650. Y entre otros productos, por ejemplo, Establecimiento Oliveros ofrece: Tabla de quesos santafesinos x 200 gr. a $250, Picada de campo x 200 gr. a $250 y Picada premium por 200 gr. a $250. Por su parte, emprendimiento Las manos de Lisely ofrece frasco de Mermelada Artesanal (400 gr.) + Adorno artesanal para arbolito a $350. Y emprendimiento Delicias de Mar del Plata produce Pan de sandwich por 5 kg a $350 y Pan dulce con chips de chocolate y glaseado a $150.<\/p>\n<p>Adem\u00e1s se comercializan los bolsones agroecol\u00f3gicos a $300 que incluyen: 1 r\u00facula, 1 acelga, 1 verdeo, 1 remolacha, 1 perejil, 1 lechuga, 1 plant\u00edn de albahaca. Bols\u00f3n de frutas del emprendimiento La Milonguita: 1kg de banana, 1 kg de manzana, 1 kg de mandarina, 1 kg de durazno a $500, y a la canasta se pueden agregar los siguientes productos: 1 kg de frutilla a $160, ar\u00e1ndanos $50 c\/u, anan\u00e1 $130, melones $130, 1 kg cerezas $200.<\/p>\n<h6>Fuente: Sin MOrdaza<\/h6>\n","protected":false},"excerpt":{"rendered":"<p>Hasta el 24 de diciembre podr\u00e1n encontrarse productos y creaciones elaboradas por emprendedores y emprendedoras locales en el marco de los programas de Econom\u00eda Social.<\/p>\n","protected":false},"author":2,"featured_media":110394,"comment_status":"closed","ping_status":"closed","sticky":false,"template":"","format":"standard","meta":{"footnotes":""},"categories":[47],"tags":[10],"class_list":["post-110393","post","type-post","status-publish","format-standard","has-post-thumbnail","hentry","category-fiestas","tag-santa-fe"],"_links":{"self":[{"href":"http:\/\/argentinamunicipal.com.ar\/argentina\/wp-json\/wp\/v2\/posts\/110393","targetHints":{"allow":["GET"]}}],"collection":[{"href":"http:\/\/argentinamunicipal.com.ar\/argentina\/wp-json\/wp\/v2\/posts"}],"about":[{"href":"http:\/\/argentinamunicipal.com.ar\/argentina\/wp-json\/wp\/v2\/types\/post"}],"author":[{"embeddable":true,"href":"http:\/\/argentinamunicipal.com.ar\/argentina\/wp-json\/wp\/v2\/users\/2"}],"replies":[{"embeddable":true,"href":"http:\/\/argentinamunicipal.com.ar\/argentina\/wp-json\/wp\/v2\/comments?post=110393"}],"version-history":[{"count":0,"href":"http:\/\/argentinamunicipal.com.ar\/argentina\/wp-json\/wp\/v2\/posts\/110393\/revisions"}],"wp:featuredmedia":[{"embeddable":true,"href":"http:\/\/argentinamunicipal.com.ar\/argentina\/wp-json\/wp\/v2\/media\/110394"}],"wp:attachment":[{"href":"http:\/\/argentinamunicipal.com.ar\/argentina\/wp-json\/wp\/v2\/media?parent=110393"}],"wp:term":[{"taxonomy":"category","embeddable":true,"href":"http:\/\/argentinamunicipal.com.ar\/argentina\/wp-json\/wp\/v2\/categories?post=110393"},{"taxonomy":"post_tag","embeddable":true,"href":"http:\/\/argentinamunicipal.com.ar\/argentina\/wp-json\/wp\/v2\/tags?post=110393"}],"curies":[{"name":"wp","href":"https:\/\/api.w.org\/{rel}","templated":true}]}}