{"id":110444,"date":"2020-12-18T06:22:52","date_gmt":"2020-12-18T09:22:52","guid":{"rendered":"http:\/\/argentinamunicipal.com.ar\/argentina\/?p=110444"},"modified":"2020-12-18T06:22:52","modified_gmt":"2020-12-18T09:22:52","slug":"la-tasa-de-desocupacion-fue-de-117-en-el-tercer-trimestre","status":"publish","type":"post","link":"http:\/\/argentinamunicipal.com.ar\/argentina\/la-tasa-de-desocupacion-fue-de-117-en-el-tercer-trimestre\/","title":{"rendered":"La tasa de desocupaci\u00f3n fue de 11,7% en el tercer trimestre"},"content":{"rendered":"<p>El n\u00famero representa un incremento de dos puntos porcentual respecto del 9,7% de igual per\u00edodo de 2019 y una ca\u00edda de 1,4% en relaci\u00f3n con el trimestre anterior 2020.<\/p>\n<p>La tasa de desocupaci\u00f3n fue de 11,7% al t\u00e9rmino del tercer trimestre del a\u00f1o, lo que represent\u00f3 un incremento de dos puntos porcentual respecto al 9,7% de igual per\u00edodo de 2019, inform\u00f3 hoy el Instituto Nacional de Estad\u00edstica y Censos (Indec).<\/p>\n<p>A pesar del crecimiento en el cotejo interanual,\u00a0respecto al segundo trimestre del a\u00f1o el desempleo mostr\u00f3 una ca\u00edda de 1,4 puntos\u00a0porcentual, debido a que entre los meses de abril, mayo y junio -cuando impactaron con m\u00e1s fuerza las medidas de aislamiento por el coronavirus- la tasa de desocupaci\u00f3n fue de 13,1%.<\/p>\n<p>El informe del Indec precis\u00f3 que en el tercer trimestre del a\u00f1o la tasa de desocupaci\u00f3n demandante -que comprende a las personas que trabajan hasta 35 horas por semana y que busca otro empleo- fue de 8.1%, con una ca\u00edda de 1,4 puntos respecto al 9,5% del tercer trimestre del a\u00f1o pasado.<\/p>\n<p>Por su parte, la poblaci\u00f3n no demandante trep\u00f3 al 5,3%, al sumar dos puntos porcentual frente al 3,3% de una a\u00f1o atr\u00e1s.<\/p>\n<p>En lo que respecta a la tasa de actividad, al cierre del tercer trimestre se ubic\u00f3 en 42,3% de la poblaci\u00f3n, con un crecimiento de 3,9 puntos porcentuales respecto del trimestre anterior.<\/p>\n<p>M\u00e1s all\u00e1 de esta mejora, el cotejo interanual marc\u00f3 que la tasa de actividad se encuentra 4,9 puntos porcentuales por debajo de la del tercer trimestre de 2019.<\/p>\n<p>\u00abEsto se debe a que las restricciones a la movilidad a\u00fan impactan sobre el comportamiento habitual del mercado de trabajo\u00bb, se\u00f1alaron desde el Ministerio de Econom\u00eda.<\/p>\n<p>El Indec dio cuenta ayer que la actividad econ\u00f3mica en el tercer trimestre de este a\u00f1o estuvo 10,2% por debajo de igual per\u00edodo del 2019, pero un 12,8% por sobre abril-junio de este a\u00f1o, cuando oper\u00f3 con mayor firmeza la cuarentena para combatir la Covid-19.<\/p>\n<p>En lo que respecta al informe dado a conocer hoy, la dependencia oficial se\u00f1al\u00f3 que si bien la\u00a0tasa de empleo (TE) \u2013la proporci\u00f3n de personas ocupadas con relaci\u00f3n a la poblaci\u00f3n total- subi\u00f3 4 puntos porcentuales con respecto al trimestre anterior, para alcanzar al 37,4%, en el cotejo interanual se verific\u00f3 una baja de 5,2 puntos porcentuales.<\/p>\n<p>\u00abLa recuperaci\u00f3n de la poblaci\u00f3n ocupada respecto del trimestre anterior fue mayor para los trabajadores por cuenta propia \u2013que en el tercer trimestre representaron el 25%\u2013 y para los asalariados sin descuento jubilatorio\u00bb, destac\u00f3 el Indec.<\/p>\n<p>De acuerdo con la rama de actividad de la ocupaci\u00f3n principal, la recuperaci\u00f3n fue mayor en los sectores que m\u00e1s cayeron en el segundo trimestre de 2020, en los que se destacaron Hoteles y restaurantes y la Construcci\u00f3n, los rubros m\u00e1s afectados por las medidas de aislamientos implementadas para morigerar el avance del coronavirus.<\/p>\n<p>Al cierre del tercer trimestre, ambos rubros se encontraron entre las actividades de mayor reducci\u00f3n del empleo con respecto a 2019, junto con Servicio dom\u00e9stico y Otros servicios comunitarios, sociales y personales.<\/p>\n<p>En cuanto a la intensidad de la ocupaci\u00f3n, se observ\u00f3 un importante aumento de los subocupados demandantes, que pas\u00f3 del 11% en el segundo trimestre a 15,2% en el tercero, contra 14,1% del per\u00edodo comprendido por los meses de julio, agosto y septiembre de 2019.<\/p>\n<p>Adem\u00e1s en el tercer trimestre del a\u00f1o, la proporci\u00f3n de asalariados sin descuento jubilatorio o\u00a0trabajadores informales alcanz\u00f3 al 28,7% de la poblaci\u00f3n.<\/p>\n<p><strong>Por regiones<\/strong><\/p>\n<p>Por regiones o grandes centros urbanos, el Gran Buenos Aires registr\u00f3 al cierre del tercer trimestre el nivel m\u00e1s alto en materia de desempleo, con el 13,8%, por encima de la media general.<\/p>\n<p>Los municipios del Gran Buenos Aires marcaron un 14,8%, mientras que la Ciudad Aut\u00f3noma de Buenos Aires tuvo 10,4% de desocupaci\u00f3n.<\/p>\n<p>Tambi\u00e9n se ubicaron por encima de la media de 11,7%, el Gran C\u00f3rdoba (14,3%), Concordia (13,8%), Mar del Plata (12,2%) y R\u00edo Cuarto (12.2%).<\/p>\n<p>En tanto, las ciudades con menor tasa de desocupaci\u00f3n fueron Comodoro Rivadavia (2,2%), San Luis (2,5%), R\u00edo Gallegos (3,1%), Viedma-Carmen de Paragones (3,4%), Formosa (3,7%) y Santiago del Estero (3,9%).<\/p>\n<h6>Fuente: telam<\/h6>\n","protected":false},"excerpt":{"rendered":"<p>El n\u00famero representa un incremento de dos puntos porcentual respecto del 9,7% de igual per\u00edodo de 2019 y una ca\u00edda de 1,4% en relaci\u00f3n con el trimestre anterior 2020.<\/p>\n","protected":false},"author":2,"featured_media":110445,"comment_status":"closed","ping_status":"closed","sticky":false,"template":"","format":"standard","meta":{"footnotes":""},"categories":[8],"tags":[21],"class_list":["post-110444","post","type-post","status-publish","format-standard","has-post-thumbnail","hentry","category-informe-nacional","tag-argentina"],"_links":{"self":[{"href":"http:\/\/argentinamunicipal.com.ar\/argentina\/wp-json\/wp\/v2\/posts\/110444","targetHints":{"allow":["GET"]}}],"collection":[{"href":"http:\/\/argentinamunicipal.com.ar\/argentina\/wp-json\/wp\/v2\/posts"}],"about":[{"href":"http:\/\/argentinamunicipal.com.ar\/argentina\/wp-json\/wp\/v2\/types\/post"}],"author":[{"embeddable":true,"href":"http:\/\/argentinamunicipal.com.ar\/argentina\/wp-json\/wp\/v2\/users\/2"}],"replies":[{"embeddable":true,"href":"http:\/\/argentinamunicipal.com.ar\/argentina\/wp-json\/wp\/v2\/comments?post=110444"}],"version-history":[{"count":0,"href":"http:\/\/argentinamunicipal.com.ar\/argentina\/wp-json\/wp\/v2\/posts\/110444\/revisions"}],"wp:featuredmedia":[{"embeddable":true,"href":"http:\/\/argentinamunicipal.com.ar\/argentina\/wp-json\/wp\/v2\/media\/110445"}],"wp:attachment":[{"href":"http:\/\/argentinamunicipal.com.ar\/argentina\/wp-json\/wp\/v2\/media?parent=110444"}],"wp:term":[{"taxonomy":"category","embeddable":true,"href":"http:\/\/argentinamunicipal.com.ar\/argentina\/wp-json\/wp\/v2\/categories?post=110444"},{"taxonomy":"post_tag","embeddable":true,"href":"http:\/\/argentinamunicipal.com.ar\/argentina\/wp-json\/wp\/v2\/tags?post=110444"}],"curies":[{"name":"wp","href":"https:\/\/api.w.org\/{rel}","templated":true}]}}