{"id":110555,"date":"2020-12-23T07:24:44","date_gmt":"2020-12-23T10:24:44","guid":{"rendered":"http:\/\/argentinamunicipal.com.ar\/argentina\/?p=110555"},"modified":"2020-12-23T07:24:44","modified_gmt":"2020-12-23T10:24:44","slug":"contaminacion-ambiental-el-intendente-de-rosario-presento-el-plan-de-accion-climatica","status":"publish","type":"post","link":"http:\/\/argentinamunicipal.com.ar\/argentina\/contaminacion-ambiental-el-intendente-de-rosario-presento-el-plan-de-accion-climatica\/","title":{"rendered":"Contaminaci\u00f3n ambiental: El intendente de Rosario present\u00f3 el plan de Acci\u00f3n Clim\u00e1tica \u00a0"},"content":{"rendered":"<p>El objetivo es disminuir las emisiones de gases de efecto invernadero en la pr\u00f3xima d\u00e9cada. Tambi\u00e9n se pretende aumentar la red de ciclov\u00edas e instalar luminaria led en toda la ciudad.<\/p>\n<p>Se present\u00f3 el plan de Acci\u00f3n Clim\u00e1tica en Rosario, con el que se intentar\u00e1 reducir la contaminaci\u00f3n ambiental en la siguiente d\u00e9cada. El objetivo es bajar un 22% las emisiones de gases del efecto invernadero y avanzar en la utilizaci\u00f3n de energ\u00eda limpia.<\/p>\n<p>\u201cSi la pandemia nos mostr\u00f3 algo es que ac\u00e1 no hay m\u00e1s tiempo que perder, que ya no solamente es una teor\u00eda, sino que ya vemos cu\u00e1les son los efectos concretos de ignorar la\u00a0problem\u00e1tica ambiental\u201d, remarc\u00f3 el intendente\u00a0Pablo Javkin\u00a0durante el acto.<\/p>\n<p>Entre los principales objetivos de la iniciativa\u00a0se busca el mitigar las emisiones de gases de efecto invernadero; impulsar la eficiencia energ\u00e9tica, la movilidad sostenible y la gesti\u00f3n de residuos y aumentar el acceso a energ\u00eda limpia.<\/p>\n<p>Asimismo,\u00a0se trabajar\u00e1 en mejorar la movilidad de la ciudad de Rosario con una ampliaci\u00f3n de la red de ciclov\u00edas\u00a0y avanzar hacia la utilizaci\u00f3n de energ\u00eda limpia, mediante la instalaci\u00f3n de luminarias led.<\/p>\n<p>Adem\u00e1s,\u00a0se busca recuperar los arroyos Ludue\u00f1a y Saladillo y crear un Tr\u00edptico Ambiental, que estar\u00e1 conformado por el Bosque de los Constituyentes, el parque Regional Sur y la Reserva Municipal Los Tres Cerros.<\/p>\n<h6>Fuente: Sin MOrdaza<\/h6>\n","protected":false},"excerpt":{"rendered":"<p>El objetivo es disminuir las emisiones de gases de efecto invernadero en la pr\u00f3xima d\u00e9cada. Tambi\u00e9n se pretende aumentar la red de ciclov\u00edas e instalar luminaria led en toda la ciudad.<\/p>\n","protected":false},"author":2,"featured_media":110556,"comment_status":"closed","ping_status":"closed","sticky":false,"template":"","format":"standard","meta":{"footnotes":""},"categories":[2],"tags":[10],"class_list":["post-110555","post","type-post","status-publish","format-standard","has-post-thumbnail","hentry","category-informe-municipal","tag-santa-fe"],"_links":{"self":[{"href":"http:\/\/argentinamunicipal.com.ar\/argentina\/wp-json\/wp\/v2\/posts\/110555","targetHints":{"allow":["GET"]}}],"collection":[{"href":"http:\/\/argentinamunicipal.com.ar\/argentina\/wp-json\/wp\/v2\/posts"}],"about":[{"href":"http:\/\/argentinamunicipal.com.ar\/argentina\/wp-json\/wp\/v2\/types\/post"}],"author":[{"embeddable":true,"href":"http:\/\/argentinamunicipal.com.ar\/argentina\/wp-json\/wp\/v2\/users\/2"}],"replies":[{"embeddable":true,"href":"http:\/\/argentinamunicipal.com.ar\/argentina\/wp-json\/wp\/v2\/comments?post=110555"}],"version-history":[{"count":0,"href":"http:\/\/argentinamunicipal.com.ar\/argentina\/wp-json\/wp\/v2\/posts\/110555\/revisions"}],"wp:featuredmedia":[{"embeddable":true,"href":"http:\/\/argentinamunicipal.com.ar\/argentina\/wp-json\/wp\/v2\/media\/110556"}],"wp:attachment":[{"href":"http:\/\/argentinamunicipal.com.ar\/argentina\/wp-json\/wp\/v2\/media?parent=110555"}],"wp:term":[{"taxonomy":"category","embeddable":true,"href":"http:\/\/argentinamunicipal.com.ar\/argentina\/wp-json\/wp\/v2\/categories?post=110555"},{"taxonomy":"post_tag","embeddable":true,"href":"http:\/\/argentinamunicipal.com.ar\/argentina\/wp-json\/wp\/v2\/tags?post=110555"}],"curies":[{"name":"wp","href":"https:\/\/api.w.org\/{rel}","templated":true}]}}