{"id":110681,"date":"2020-12-29T06:15:22","date_gmt":"2020-12-29T09:15:22","guid":{"rendered":"http:\/\/argentinamunicipal.com.ar\/argentina\/?p=110681"},"modified":"2020-12-29T06:15:22","modified_gmt":"2020-12-29T09:15:22","slug":"santa-fe-y-buenos-aires-intercambiaron-experiencias-para-impulsar-el-turismo","status":"publish","type":"post","link":"http:\/\/argentinamunicipal.com.ar\/argentina\/santa-fe-y-buenos-aires-intercambiaron-experiencias-para-impulsar-el-turismo\/","title":{"rendered":"Santa Fe y Buenos Aires intercambiaron experiencias para impulsar el turismo"},"content":{"rendered":"<p>Representantes de la Municipalidad de Santa Fe y del Gobierno de la Ciudad de Buenos Aires se reunieron para compartir pol\u00edticas innovadoras y dar a conocer el proyecto \u201cMi ciudad como turista\u201d.<\/p>\n<p>Funcionarios de la Municipalidad de Santa Fe participaron de una reuni\u00f3n virtual con el Ente de Turismo de la Ciudad de Buenos Aires con el fin de conocer, intercambiar y ampliar la informaci\u00f3n sobre el proyecto \u201cMi ciudad como turista\u201d que est\u00e1 actualmente en aplicaci\u00f3n en el municipio local. La invitaci\u00f3n surgi\u00f3 desde el Gobierno de CABA en el marco del programa de transferencia de conocimientos y buenas pr\u00e1cticas de la Direcci\u00f3n General de Promoci\u00f3n Tur\u00edstica.<\/p>\n<p>Durante el encuentro se reunieron Mat\u00edas Schm\u00fcth, secretario de Producci\u00f3n y Desarrollo Econ\u00f3mico; Franco Arone, director Ejecutivo de Turismo; Victoria Rodriguez, subdirectora de Generaci\u00f3n de Contenidos de Santa Fe Capital, y Manuel Viola, coordinador de Comunicaci\u00f3n Territorial. Mientras que por el Gobierno de la Ciudad de Buenos Aires participaron Diego Guti\u00e9rrez, director general de Promoci\u00f3n Tur\u00edstica; Ignacio Coronel, jefe de gabinete; Roberto Klopsch, gerente operativo de Promoci\u00f3n Tur\u00edstica; Mario Katzenell, gerente de Relacionamiento; Leandro Gonz\u00e1lez asesor de proyectos estrat\u00e9gicos de promoci\u00f3n; y Tom\u00e1s de Vedia, coordinador de la Subsecretar\u00eda de Cooperaci\u00f3n Urbana Federal.<\/p>\n<p>Arone, junto al equipo de creaci\u00f3n del proyecto, presentaron las nueve audiogu\u00edas que se encuentran a disposici\u00f3n de los vecinos de Santa Fe y los turistas, que permiten conocer los circuitos caminables que resaltan el patrimonio hist\u00f3rico, cultural y los atractivos naturales, rescatando los imperdibles de Santa Fe. Adem\u00e1s, en la ocasi\u00f3n se trabajaron temas de accesibilidad tur\u00edsticas, el plan de comunicaci\u00f3n y el aspecto sustentable del proyecto.<\/p>\n<p>\u201cFue una reuni\u00f3n de trabajo para poder mostrarles y asesorarlos sobre el trabajo que venimos haciendo con audiogu\u00edas, que es una experiencia que est\u00e1 funcionando bien en la ciudad. Pudimos contar el proceso y el objetivo de esta iniciativa, que se enmarca dentro de las pol\u00edticas p\u00fablicas que impulsa el intendente Emilio Jat\u00f3n para generar nuevas herramientas de disfrute del espacio p\u00fablico para los santafesinos y para los turistas\u201d, explic\u00f3 por su parte Schm\u00fcth, y agreg\u00f3:\u00a0\u201cQuedamos en poder seguir trabajando en conjunto para poder mantener el v\u00ednculo y conveniar acciones de turismo\u201d.<\/p>\n<p>En tanto, Guti\u00e9rrez, director de Promoci\u00f3n Tur\u00edstica de CABA, indic\u00f3: \u201cEste encuentro tiene que ser el puntapi\u00e9 para seguir trabajando en conjunto, aprovechando cada oportunidad para que, en equipo, fortalezcamos el turismo nacional. Estos espacios nos permiten intercambiar experiencias y generar mejoras en cada uno de nuestros proyectos, sumando ideas innovadoras y creativas\u201d.<\/p>\n<p><strong>Audiogu\u00edas<\/strong><br \/>\nLa Municipalidad de Santa Fe incorpor\u00f3 audiogu\u00edas a sus paseos tur\u00edsticos, en un trabajo trabajo conjunto entre la Direcci\u00f3n de Turismo y la Subsecretar\u00eda de Comunicaci\u00f3n del municipio, que pueden escucharse en l\u00ednea o descargarse desde cualquier dispositivo m\u00f3vil, de manera gratuita, desde la web oficial de la Municipalidad y desde el canal de Spotify.<\/p>\n<p>Ya hay 9 paseos con estas gu\u00edas en audio, cada uno de ellos con varias pistas, y la idea es seguir agregando espacios y edificios.<\/p>\n<p><strong>Transferencia de conocimiento<\/strong><br \/>\nEl programa de transferencia de conocimiento y buenas pr\u00e1cticas de CABA nace por la necesidad de generar espacios de intercambio colectivo en un sector que reviste de gran importancia en la econom\u00eda nacional e internacional, y debe buscar nuevas formas de operar a trav\u00e9s de los avances tecnol\u00f3gicos en un nuevo paradigma. Por otro lado, permite fortalecer los lazos con los representantes de los gobiernos provinciales y municipales, c\u00f3mo tambi\u00e9n con el sector privado, buscando temas de inter\u00e9s que generen una mejor gesti\u00f3n en la oferta tur\u00edstica.<\/p>\n<p>Ambos destinos -Santa Fe y Buenos Aires- continuar\u00e1n trabajando juntos de cara al futuro y se encontrar\u00e1n elaborando un convenio de colaboraci\u00f3n para firmar el a\u00f1o pr\u00f3ximo.<\/p>\n<h6>Fuente: Sin Mordaza<\/h6>\n","protected":false},"excerpt":{"rendered":"<p>Representantes de la Municipalidad de Santa Fe y del Gobierno de la Ciudad de Buenos Aires se reunieron para compartir pol\u00edticas innovadoras y dar a conocer el proyecto \u201cMi ciudad como turista\u201d.<\/p>\n","protected":false},"author":2,"featured_media":110682,"comment_status":"closed","ping_status":"closed","sticky":false,"template":"","format":"standard","meta":{"footnotes":""},"categories":[2],"tags":[10],"class_list":["post-110681","post","type-post","status-publish","format-standard","has-post-thumbnail","hentry","category-informe-municipal","tag-santa-fe"],"_links":{"self":[{"href":"http:\/\/argentinamunicipal.com.ar\/argentina\/wp-json\/wp\/v2\/posts\/110681","targetHints":{"allow":["GET"]}}],"collection":[{"href":"http:\/\/argentinamunicipal.com.ar\/argentina\/wp-json\/wp\/v2\/posts"}],"about":[{"href":"http:\/\/argentinamunicipal.com.ar\/argentina\/wp-json\/wp\/v2\/types\/post"}],"author":[{"embeddable":true,"href":"http:\/\/argentinamunicipal.com.ar\/argentina\/wp-json\/wp\/v2\/users\/2"}],"replies":[{"embeddable":true,"href":"http:\/\/argentinamunicipal.com.ar\/argentina\/wp-json\/wp\/v2\/comments?post=110681"}],"version-history":[{"count":0,"href":"http:\/\/argentinamunicipal.com.ar\/argentina\/wp-json\/wp\/v2\/posts\/110681\/revisions"}],"wp:featuredmedia":[{"embeddable":true,"href":"http:\/\/argentinamunicipal.com.ar\/argentina\/wp-json\/wp\/v2\/media\/110682"}],"wp:attachment":[{"href":"http:\/\/argentinamunicipal.com.ar\/argentina\/wp-json\/wp\/v2\/media?parent=110681"}],"wp:term":[{"taxonomy":"category","embeddable":true,"href":"http:\/\/argentinamunicipal.com.ar\/argentina\/wp-json\/wp\/v2\/categories?post=110681"},{"taxonomy":"post_tag","embeddable":true,"href":"http:\/\/argentinamunicipal.com.ar\/argentina\/wp-json\/wp\/v2\/tags?post=110681"}],"curies":[{"name":"wp","href":"https:\/\/api.w.org\/{rel}","templated":true}]}}