{"id":110801,"date":"2021-01-05T04:15:36","date_gmt":"2021-01-05T07:15:36","guid":{"rendered":"http:\/\/argentinamunicipal.com.ar\/argentina\/?p=110801"},"modified":"2021-01-04T15:53:20","modified_gmt":"2021-01-04T18:53:20","slug":"el-gobierno-reafirmo-la-soberania-sobre-las-malvinas","status":"publish","type":"post","link":"http:\/\/argentinamunicipal.com.ar\/argentina\/el-gobierno-reafirmo-la-soberania-sobre-las-malvinas\/","title":{"rendered":"El Gobierno reafirm\u00f3 la soberan\u00eda sobre las Malvinas"},"content":{"rendered":"<p>\u201cHoy m\u00e1s que nunca es necesario que el Reino Unido escuche el reclamo de la comunidad internacional, reinicie el di\u00e1logo para resolver de forma pac\u00edfica la disputa por la soberan\u00eda sobre las islas Malvinas y cumpla con la resoluci\u00f3n 2065 de la Asamblea General de las Naciones Unidas\u00bb, asegur\u00f3 el secretario de Malvinas, Ant\u00e1rtida y Atl\u00e1ntico Sur, Daniel Filmus.<\/p>\n<p>El gobierno argentino ratific\u00f3 la soberan\u00eda sobre las Islas Malvinas al cumplirse 188 a\u00f1os de la ocupaci\u00f3n brit\u00e1nica. \u201cHoy m\u00e1s que nunca es necesario que el Reino Unido escuche el reclamo de la comunidad internacional, reinicie el di\u00e1logo para resolver de forma pac\u00edfica la disputa por la soberan\u00eda sobre las islas Malvinas y cumpla con la resoluci\u00f3n 2065 de la Asamblea General de las Naciones Unidas\u00bb, asegur\u00f3 el secretario de Malvinas, Ant\u00e1rtida y Atl\u00e1ntico Sur, Daniel Filmus.<\/p>\n<p>\u00abLa recuperaci\u00f3n del ejercicio efectivo de nuestra soberan\u00eda sobre las Islas Malvinas, Georgias del Sur, Sandwich del Sur y los espacios mar\u00edtimos circundantes, conforme el derecho internacional y respetando el modo de vida de sus habitantes, es un objetivo permanente e irrenunciable del pueblo argentino, tal como se encuentra plasmado en nuestra Constituci\u00f3n Nacional y constituye una pol\u00edtica de Estado\u00bb, destac\u00f3 el ministerio de relaciones exteriores en un comunicado emitido en conmemoraci\u00f3n del 188 aniversario de la ocupaci\u00f3n inglesa del archipi\u00e9lago que constituye parte del territorio nacional.<\/p>\n<p>En el mismo sentido se expres\u00f3 Ernesto Alonso, ex combatiente de la guerra por la recuperaci\u00f3n de las islas en 1982, e integrante del Consejo Nacional de Asuntos Relativos a las Islas Malvinas creado un mes atr\u00e1s, al se\u00f1alar que \u00abse cumplen 188 a\u00f1os de ocupaci\u00f3n y el pueblo argentino jam\u00e1s dej\u00f3 de reclamar su soberan\u00eda ante esta potencia que contin\u00faa siendo neocolonial militar, y que usurp\u00f3 nuestro territorio por la fuerza\u00bb. El ex soldado destac\u00f3 que \u00abcon la llegada del gobierno de Alberto Fern\u00e1ndez y Cristina Fern\u00e1ndez de Kirchner, nuevamente hemos retomado un camino que nos va a levar a esa reconstrucci\u00f3n del camino para la recuperaci\u00f3n definitiva de los territorios ocupados. Se ha modificado en un giro de 180 grados para que se logre la consolidaci\u00f3n de una pol\u00edtica de Estado sobre las pol\u00edticas soberanas\u00bb, estableciendo un contraste con la pol\u00edtica sobre las islas Malvinas que despleg\u00f3 el gobierno del ex presidente Mauricio Macri.<\/p>\n<p>\u00abLa comunidad internacional ha insistido en el llamado al di\u00e1logo a trav\u00e9s de numerosas declaraciones de foros multilaterales que, como la Organizaci\u00f3n de los Estados Americanos (OEA), el Grupo de los 77 y China, la Cumbre Iberoamericana, la Comunidad de Estados Latinoamericanos y Caribe\u00f1os (CELAC), el Mercado Com\u00fan del Sur (MERCOSUR), el Parlamento del MERCOSUR (PARLASUR), la Cumbre \u00c1frica-Sudam\u00e9rica (ASA) y la Cumbre Am\u00e9rica del Sur-Pa\u00edses \u00c1rabes (ASPA), han solicitado la reanudaci\u00f3n de las negociaciones a la brevedad posible\u00bb, afirmaron las autoridades pol\u00edticas de la canciller\u00eda.<\/p>\n<p>Por su parte , Filmus destac\u00f3 que \u00abel Congreso de la Naci\u00f3n aprob\u00f3 por unanimidad las leyes impulsadas por el presidente Alberto Fern\u00e1ndez para establecer el L\u00edmite Exterior de la Plataforma Continental, el aumento de las multas a la pesca ilegal y la creaci\u00f3n del Consejo Nacional Asesor de Asuntos Relativos a las islas Malvinas, integrado por las fuerzas pol\u00edticas mayoritarias que ya est\u00e1 trabajando en propuestas de pol\u00edticas a mediano y largo plazo\u201d. A su vez el funcionario agreg\u00f3 que \u201choy m\u00e1s que nunca es necesario que el Reino Unido escuche el reclamo de la comunidad internacional, reinicie el di\u00e1logo para resolver de forma pac\u00edfica la disputa por la soberan\u00eda sobre las islas Malvinas y cumpla con la resoluci\u00f3n 2065 (XX) de la Asamblea General de las Naciones Unidas\u00bb.<\/p>\n<p>Desde el ministerio se\u00f1alaron que \u00abla negativa a cumplir con la obligaci\u00f3n de reanudar las negociaciones por la soberan\u00eda se encuentra agravada por la continua introducci\u00f3n de actos unilaterales por parte de Reino Unido. Estas acciones incluyen la exploraci\u00f3n y explotaci\u00f3n de recursos naturales renovables y no renovables -que la Argentina ha rechazado ininterrumpidamente-, as\u00ed como una injustificada y desproporcionada presencia militar en las Islas\u00bb. por ello el ex combatiente Alonso destac\u00f3 que \u00abesta causa nos ata\u00f1e a todos los argentinos, y debemos empezar a planificar una pol\u00edtica de Estado, una pol\u00edtica de un proyecto socio productivo que nos vincule mas a este, nuestro inmenso territorio\u00bb.<\/p>\n<h6>Fuente: P\u00e1gina 12<\/h6>\n","protected":false},"excerpt":{"rendered":"<p>\u201cHoy m\u00e1s que nunca es necesario que el Reino Unido escuche el reclamo de la comunidad internacional, reinicie el di\u00e1logo para resolver de forma pac\u00edfica la disputa por la soberan\u00eda sobre las islas Malvinas y cumpla con la resoluci\u00f3n 2065 de la Asamblea General de las Naciones Unidas\u00bb<\/p>\n","protected":false},"author":2,"featured_media":110802,"comment_status":"closed","ping_status":"closed","sticky":false,"template":"","format":"standard","meta":{"footnotes":""},"categories":[8],"tags":[21],"class_list":["post-110801","post","type-post","status-publish","format-standard","has-post-thumbnail","hentry","category-informe-nacional","tag-argentina"],"_links":{"self":[{"href":"http:\/\/argentinamunicipal.com.ar\/argentina\/wp-json\/wp\/v2\/posts\/110801","targetHints":{"allow":["GET"]}}],"collection":[{"href":"http:\/\/argentinamunicipal.com.ar\/argentina\/wp-json\/wp\/v2\/posts"}],"about":[{"href":"http:\/\/argentinamunicipal.com.ar\/argentina\/wp-json\/wp\/v2\/types\/post"}],"author":[{"embeddable":true,"href":"http:\/\/argentinamunicipal.com.ar\/argentina\/wp-json\/wp\/v2\/users\/2"}],"replies":[{"embeddable":true,"href":"http:\/\/argentinamunicipal.com.ar\/argentina\/wp-json\/wp\/v2\/comments?post=110801"}],"version-history":[{"count":0,"href":"http:\/\/argentinamunicipal.com.ar\/argentina\/wp-json\/wp\/v2\/posts\/110801\/revisions"}],"wp:featuredmedia":[{"embeddable":true,"href":"http:\/\/argentinamunicipal.com.ar\/argentina\/wp-json\/wp\/v2\/media\/110802"}],"wp:attachment":[{"href":"http:\/\/argentinamunicipal.com.ar\/argentina\/wp-json\/wp\/v2\/media?parent=110801"}],"wp:term":[{"taxonomy":"category","embeddable":true,"href":"http:\/\/argentinamunicipal.com.ar\/argentina\/wp-json\/wp\/v2\/categories?post=110801"},{"taxonomy":"post_tag","embeddable":true,"href":"http:\/\/argentinamunicipal.com.ar\/argentina\/wp-json\/wp\/v2\/tags?post=110801"}],"curies":[{"name":"wp","href":"https:\/\/api.w.org\/{rel}","templated":true}]}}